{"id":1013,"date":"2022-01-12T10:21:43","date_gmt":"2022-01-12T10:21:43","guid":{"rendered":"https:\/\/open-debat-ouvert.be\/?p=1013"},"modified":"2022-01-22T12:40:14","modified_gmt":"2022-01-22T12:40:14","slug":"gestion-de-la-crise-covid-19-il-est-grand-temps-de-changer-de-paradigme","status":"publish","type":"post","link":"https:\/\/open-debat-ouvert.be\/fr\/2022\/01\/gestion-de-la-crise-covid-19-il-est-grand-temps-de-changer-de-paradigme\/","title":{"rendered":"Gestion de la crise Covid-19 : il est grand temps de changer de paradigme"},"content":{"rendered":"<div data-elementor-type=\"wp-post\" data-elementor-id=\"1013\" class=\"elementor elementor-1013\" data-elementor-post-type=\"post\">\n\t\t\t\t\t\t<section class=\"elementor-section elementor-top-section elementor-element elementor-element-6715a18c elementor-section-boxed elementor-section-height-default elementor-section-height-default\" data-id=\"6715a18c\" data-element_type=\"section\" data-e-type=\"section\" data-settings=\"{&quot;background_background&quot;:&quot;classic&quot;}\">\n\t\t\t\t\t\t<div class=\"elementor-container elementor-column-gap-no\">\n\t\t\t\t\t<div class=\"elementor-column elementor-col-100 elementor-top-column elementor-element elementor-element-55a443a6\" data-id=\"55a443a6\" data-element_type=\"column\" data-e-type=\"column\">\n\t\t\t<div class=\"elementor-widget-wrap\">\n\t\t\t\t\t\t\t<\/div>\n\t\t<\/div>\n\t\t\t\t\t<\/div>\n\t\t<\/section>\n\t\t\t\t<section class=\"elementor-section elementor-top-section elementor-element elementor-element-dc21967 elementor-section-boxed elementor-section-height-default elementor-section-height-default\" data-id=\"dc21967\" data-element_type=\"section\" data-e-type=\"section\">\n\t\t\t\t\t\t<div class=\"elementor-container elementor-column-gap-default\">\n\t\t\t\t\t<div class=\"elementor-column elementor-col-100 elementor-top-column elementor-element elementor-element-65a8481\" data-id=\"65a8481\" data-element_type=\"column\" data-e-type=\"column\">\n\t\t\t<div class=\"elementor-widget-wrap elementor-element-populated\">\n\t\t\t\t\t\t<div class=\"elementor-element elementor-element-fd59c65 elementor-widget elementor-widget-heading\" data-id=\"fd59c65\" data-element_type=\"widget\" data-e-type=\"widget\" data-widget_type=\"heading.default\">\n\t\t\t\t<div class=\"elementor-widget-container\">\n\t\t\t\t\t<h2 class=\"elementor-heading-title elementor-size-default\">Gestion de la crise Covid-19 : il est grand temps de changer de paradigme<\/h2>\t\t\t\t<\/div>\n\t\t\t\t<\/div>\n\t\t\t\t<div class=\"elementor-element elementor-element-4ab98ee elementor-widget elementor-widget-heading\" data-id=\"4ab98ee\" data-element_type=\"widget\" data-e-type=\"widget\" data-widget_type=\"heading.default\">\n\t\t\t\t<div class=\"elementor-widget-container\">\n\t\t\t\t\t<h5 class=\"elementor-heading-title elementor-size-default\">Elisabeth Paul, Pierre Huygens, Christine Dupont, Denis Flandre, Jean-Louis Lamboray, Pierre-Fran\u00e7ois Laterre, Bernard Rentier, Erik Van den Haute, CovidRationnel, 12 janvier, 2022<\/h5>\t\t\t\t<\/div>\n\t\t\t\t<\/div>\n\t\t\t\t<div class=\"elementor-element elementor-element-04eacd4 elementor-widget elementor-widget-text-editor\" data-id=\"04eacd4\" data-element_type=\"widget\" data-e-type=\"widget\" data-widget_type=\"text-editor.default\">\n\t\t\t\t<div class=\"elementor-widget-container\">\n\t\t\t\t\t\t\t\t\t<p>Depuis le d\u00e9but de la pand\u00e9mie, les autorit\u00e9s belges ont fait fi des principes \u00e9tablis de la sant\u00e9 publique (y compris ceux d\u00e9gag\u00e9s des exp\u00e9riences ant\u00e9rieures de lutte contre les \u00e9pid\u00e9mies), de la m\u00e9decine et de l\u2019Etat de droit. Vu l\u2019accumulation des connaissances sur le virus SARS-CoV-2 et sur le Covid-19, la maladie qu\u2019il contribue \u00e0 provoquer chez certains,<span class=\"footnote_referrer\"><a class=\"footnote_hard_link\" tabindex=\"0\" role=\"button\" href=\"https:\/\/covidrationnel.be\/2022\/01\/12\/gestion-de-la-crise-covid-19-il-est-grand-temps-de-changer-de-paradigme\/#f+1601+2+1\"><sup id=\"footnote_plugin_tooltip_1601_2_1\" class=\"footnote_plugin_tooltip_text\">1<\/sup><\/a><span id=\"r+1601+2+1\" class=\"footnote_referrer_anchor\"><\/span><\/span>\u00a0nous appelons \u00e0 un changement drastique d\u2019approche, ou de paradigme,<span class=\"footnote_referrer\"><a class=\"footnote_hard_link\" tabindex=\"0\" role=\"button\" href=\"https:\/\/covidrationnel.be\/2022\/01\/12\/gestion-de-la-crise-covid-19-il-est-grand-temps-de-changer-de-paradigme\/#f+1601+2+2\"><sup id=\"footnote_plugin_tooltip_1601_2_2\" class=\"footnote_plugin_tooltip_text\">2<\/sup><\/a><span id=\"r+1601+2+2\" class=\"footnote_referrer_anchor\"><\/span><\/span>\u00a0dans la gestion de la crise. L\u2019arriv\u00e9e du variant Omicron, \u00e0 la fois beaucoup moins virulent et moins sensible aux vaccins actuels,<span class=\"footnote_referrer\"><a class=\"footnote_hard_link\" tabindex=\"0\" role=\"button\" href=\"https:\/\/covidrationnel.be\/2022\/01\/12\/gestion-de-la-crise-covid-19-il-est-grand-temps-de-changer-de-paradigme\/#f+1601+2+3\"><sup id=\"footnote_plugin_tooltip_1601_2_3\" class=\"footnote_plugin_tooltip_text\">3<\/sup><\/a><span id=\"r+1601+2+3\" class=\"footnote_referrer_anchor\"><\/span><\/span> ne fait que renforcer l\u2019urgence du changement de paradigme \u00e0 op\u00e9rer. &#8230;<\/p>\t\t\t\t\t\t\t\t<\/div>\n\t\t\t\t<\/div>\n\t\t\t\t<div class=\"elementor-element elementor-element-88a6c0b elementor-widget elementor-widget-text-editor\" data-id=\"88a6c0b\" data-element_type=\"widget\" data-e-type=\"widget\" data-widget_type=\"text-editor.default\">\n\t\t\t\t<div class=\"elementor-widget-container\">\n\t\t\t\t\t\t\t\t\t<p><a href=\"https:\/\/covidrationnel.be\/2022\/01\/12\/gestion-de-la-crise-covid-19-il-est-grand-temps-de-changer-de-paradigme\/\" target=\"_blank\" rel=\"noopener\">(Cliquez ici pour lire l&#8217;article complet.)<\/a><\/p>\t\t\t\t\t\t\t\t<\/div>\n\t\t\t\t<\/div>\n\t\t\t\t\t<\/div>\n\t\t<\/div>\n\t\t\t\t\t<\/div>\n\t\t<\/section>\n\t\t\t\t<\/div>","protected":false},"excerpt":{"rendered":"<p>Gestion de la crise Covid-19 : il est grand temps de changer de paradigme Elisabeth Paul, Pierre Huygens, Christine Dupont, Denis Flandre, Jean-Louis Lamboray, Pierre-Fran\u00e7ois Laterre, Bernard Rentier, Erik Van den Haute, CovidRationnel, 12 janvier, 2022 Depuis le d\u00e9but de la pand\u00e9mie, les autorit\u00e9s belges ont fait fi des principes \u00e9tablis de la sant\u00e9 publique [&hellip;]<\/p>\n","protected":false},"author":1,"featured_media":1034,"comment_status":"open","ping_status":"open","sticky":false,"template":"full-width.php","format":"standard","meta":{"_acf_changed":false,"_coblocks_attr":"","_coblocks_dimensions":"","_coblocks_responsive_height":"","_coblocks_accordion_ie_support":"","footnotes":""},"categories":[12,1],"tags":[],"class_list":["post-1013","post","type-post","status-publish","format-standard","has-post-thumbnail","hentry","category-debat-posts","category-uncategorized"],"acf":[],"_links":{"self":[{"href":"https:\/\/open-debat-ouvert.be\/fr\/wp-json\/wp\/v2\/posts\/1013","targetHints":{"allow":["GET"]}}],"collection":[{"href":"https:\/\/open-debat-ouvert.be\/fr\/wp-json\/wp\/v2\/posts"}],"about":[{"href":"https:\/\/open-debat-ouvert.be\/fr\/wp-json\/wp\/v2\/types\/post"}],"author":[{"embeddable":true,"href":"https:\/\/open-debat-ouvert.be\/fr\/wp-json\/wp\/v2\/users\/1"}],"replies":[{"embeddable":true,"href":"https:\/\/open-debat-ouvert.be\/fr\/wp-json\/wp\/v2\/comments?post=1013"}],"version-history":[{"count":18,"href":"https:\/\/open-debat-ouvert.be\/fr\/wp-json\/wp\/v2\/posts\/1013\/revisions"}],"predecessor-version":[{"id":1107,"href":"https:\/\/open-debat-ouvert.be\/fr\/wp-json\/wp\/v2\/posts\/1013\/revisions\/1107"}],"wp:featuredmedia":[{"embeddable":true,"href":"https:\/\/open-debat-ouvert.be\/fr\/wp-json\/wp\/v2\/media\/1034"}],"wp:attachment":[{"href":"https:\/\/open-debat-ouvert.be\/fr\/wp-json\/wp\/v2\/media?parent=1013"}],"wp:term":[{"taxonomy":"category","embeddable":true,"href":"https:\/\/open-debat-ouvert.be\/fr\/wp-json\/wp\/v2\/categories?post=1013"},{"taxonomy":"post_tag","embeddable":true,"href":"https:\/\/open-debat-ouvert.be\/fr\/wp-json\/wp\/v2\/tags?post=1013"}],"curies":[{"name":"wp","href":"https:\/\/api.w.org\/{rel}","templated":true}]}}