{"id":1069,"date":"2022-01-21T12:08:33","date_gmt":"2022-01-21T12:08:33","guid":{"rendered":"https:\/\/open-debat-ouvert.be\/?p=1069"},"modified":"2022-01-22T12:20:58","modified_gmt":"2022-01-22T12:20:58","slug":"een-analyse-van-advies-80-van-het-raadgevend-comite-voor-bio-ethiek-over-verplichte-vaccinatie-van-volwassenen","status":"publish","type":"post","link":"https:\/\/open-debat-ouvert.be\/fr\/2022\/01\/een-analyse-van-advies-80-van-het-raadgevend-comite-voor-bio-ethiek-over-verplichte-vaccinatie-van-volwassenen\/","title":{"rendered":"Een analyse van advies 80 van het Raadgevend Comit\u00e9 voor Bio-ethiek over verplichte vaccinatie van volwassenen"},"content":{"rendered":"<div data-elementor-type=\"wp-post\" data-elementor-id=\"1069\" class=\"elementor elementor-1069\" data-elementor-post-type=\"post\">\n\t\t\t\t\t\t<section class=\"elementor-section elementor-top-section elementor-element elementor-element-33ff4af0 elementor-section-boxed elementor-section-height-default elementor-section-height-default\" data-id=\"33ff4af0\" data-element_type=\"section\" data-e-type=\"section\" data-settings=\"{&quot;background_background&quot;:&quot;classic&quot;}\">\n\t\t\t\t\t\t<div class=\"elementor-container elementor-column-gap-no\">\n\t\t\t\t\t<div class=\"elementor-column elementor-col-100 elementor-top-column elementor-element elementor-element-504c6cba\" data-id=\"504c6cba\" data-element_type=\"column\" data-e-type=\"column\">\n\t\t\t<div class=\"elementor-widget-wrap\">\n\t\t\t\t\t\t\t<\/div>\n\t\t<\/div>\n\t\t\t\t\t<\/div>\n\t\t<\/section>\n\t\t\t\t<section class=\"elementor-section elementor-top-section elementor-element elementor-element-1682a273 elementor-section-boxed elementor-section-height-default elementor-section-height-default\" data-id=\"1682a273\" data-element_type=\"section\" data-e-type=\"section\">\n\t\t\t\t\t\t<div class=\"elementor-container elementor-column-gap-default\">\n\t\t\t\t\t<div class=\"elementor-column elementor-col-100 elementor-top-column elementor-element elementor-element-3f9a02e3\" data-id=\"3f9a02e3\" data-element_type=\"column\" data-e-type=\"column\">\n\t\t\t<div class=\"elementor-widget-wrap elementor-element-populated\">\n\t\t\t\t\t\t<div class=\"elementor-element elementor-element-1cd55a70 elementor-widget elementor-widget-heading\" data-id=\"1cd55a70\" data-element_type=\"widget\" data-e-type=\"widget\" data-widget_type=\"heading.default\">\n\t\t\t\t<div class=\"elementor-widget-container\">\n\t\t\t\t\t<h2 class=\"elementor-heading-title elementor-size-default\">Een analyse van advies 80 van het Raadgevend Comit\u00e9 voor Bio-ethiek over verplichte vaccinatie van volwassenen<br><br>Een Pontius Pilatus oordeel ?<\/h2>\t\t\t\t<\/div>\n\t\t\t\t<\/div>\n\t\t\t\t<div class=\"elementor-element elementor-element-212c7221 elementor-widget elementor-widget-heading\" data-id=\"212c7221\" data-element_type=\"widget\" data-e-type=\"widget\" data-widget_type=\"heading.default\">\n\t\t\t\t<div class=\"elementor-widget-container\">\n\t\t\t\t\t<h5 class=\"elementor-heading-title elementor-size-default\">David Doat, Beno\u00eet Bourgine, Rapha\u00ebl G\u00e9ly, Jean-Michel Longneaux, CovidRationnel, 21 januari 2022<\/h5>\t\t\t\t<\/div>\n\t\t\t\t<\/div>\n\t\t\t\t<div class=\"elementor-element elementor-element-77c7ce68 elementor-widget elementor-widget-text-editor\" data-id=\"77c7ce68\" data-element_type=\"widget\" data-e-type=\"widget\" data-widget_type=\"text-editor.default\">\n\t\t\t\t<div class=\"elementor-widget-container\">\n\t\t\t\t\t\t\t\t\t<p><strong>Het Belgisch Raadgevend Comit\u00e9 voor Bio-ethiek neemt in haar nieuw advies van 13 december 2021 geen afwijzende houding aan tegenover een verplichte vaccinatie van volwassenen. De omslachtige formulering weerspiegelt het kronkelige pad van een zwak gefundeerd advies. Wij betreuren dat het Comit\u00e9 niet de recente standpunten van de Zwitserse Nationale commissie voor ethiek en de Duitse Ethische commissie heeft gevolgd, die wijzen op de morele verantwoordelijkheid van elk individu met betrekking tot vaccinatie, maar die zich verzetten tegen verplichte vaccinatie voor alle volwassenen.<\/strong><\/p><p>In haar nieuw advies stelt het Comit\u00e9 voor Bio-ethiek voorwaarden op voor de ethische aanvaardbaarheid van verplichte vaccinatie van volwassenen. &#8230;<\/p>\t\t\t\t\t\t\t\t<\/div>\n\t\t\t\t<\/div>\n\t\t\t\t<div class=\"elementor-element elementor-element-2e6ab5e6 elementor-widget elementor-widget-text-editor\" data-id=\"2e6ab5e6\" data-element_type=\"widget\" data-e-type=\"widget\" data-widget_type=\"text-editor.default\">\n\t\t\t\t<div class=\"elementor-widget-container\">\n\t\t\t\t\t\t\t\t\t<p><a href=\"https:\/\/covidrationnel.be\/2022\/01\/21\/een-analyse-van-advies-80-van-het-raadgevend-comite-voor-bio-ethiek-over-verplichte-vaccinatie-van-volwassenen\/\" target=\"_blank\" rel=\"noopener\">(Klik hier om het volledige artikel te lezen.)<\/a><\/p>\t\t\t\t\t\t\t\t<\/div>\n\t\t\t\t<\/div>\n\t\t\t\t\t<\/div>\n\t\t<\/div>\n\t\t\t\t\t<\/div>\n\t\t<\/section>\n\t\t\t\t<\/div>","protected":false},"excerpt":{"rendered":"<p>Een analyse van advies 80 van het Raadgevend Comit\u00e9 voor Bio-ethiek over verplichte vaccinatie van volwassenen Een Pontius Pilatus oordeel ? David Doat, Beno\u00eet Bourgine, Rapha\u00ebl G\u00e9ly, Jean-Michel Longneaux, CovidRationnel, 21 januari 2022 Het Belgisch Raadgevend Comit\u00e9 voor Bio-ethiek neemt in haar nieuw advies van 13 december 2021 geen afwijzende houding aan tegenover een verplichte [&hellip;]<\/p>\n","protected":false},"author":1,"featured_media":1082,"comment_status":"open","ping_status":"open","sticky":false,"template":"full-width.php","format":"standard","meta":{"_acf_changed":false,"_coblocks_attr":"","_coblocks_dimensions":"","_coblocks_responsive_height":"","_coblocks_accordion_ie_support":"","footnotes":""},"categories":[12,1],"tags":[],"class_list":["post-1069","post","type-post","status-publish","format-standard","has-post-thumbnail","hentry","category-debat-posts","category-uncategorized"],"acf":[],"_links":{"self":[{"href":"https:\/\/open-debat-ouvert.be\/fr\/wp-json\/wp\/v2\/posts\/1069","targetHints":{"allow":["GET"]}}],"collection":[{"href":"https:\/\/open-debat-ouvert.be\/fr\/wp-json\/wp\/v2\/posts"}],"about":[{"href":"https:\/\/open-debat-ouvert.be\/fr\/wp-json\/wp\/v2\/types\/post"}],"author":[{"embeddable":true,"href":"https:\/\/open-debat-ouvert.be\/fr\/wp-json\/wp\/v2\/users\/1"}],"replies":[{"embeddable":true,"href":"https:\/\/open-debat-ouvert.be\/fr\/wp-json\/wp\/v2\/comments?post=1069"}],"version-history":[{"count":10,"href":"https:\/\/open-debat-ouvert.be\/fr\/wp-json\/wp\/v2\/posts\/1069\/revisions"}],"predecessor-version":[{"id":1080,"href":"https:\/\/open-debat-ouvert.be\/fr\/wp-json\/wp\/v2\/posts\/1069\/revisions\/1080"}],"wp:featuredmedia":[{"embeddable":true,"href":"https:\/\/open-debat-ouvert.be\/fr\/wp-json\/wp\/v2\/media\/1082"}],"wp:attachment":[{"href":"https:\/\/open-debat-ouvert.be\/fr\/wp-json\/wp\/v2\/media?parent=1069"}],"wp:term":[{"taxonomy":"category","embeddable":true,"href":"https:\/\/open-debat-ouvert.be\/fr\/wp-json\/wp\/v2\/categories?post=1069"},{"taxonomy":"post_tag","embeddable":true,"href":"https:\/\/open-debat-ouvert.be\/fr\/wp-json\/wp\/v2\/tags?post=1069"}],"curies":[{"name":"wp","href":"https:\/\/api.w.org\/{rel}","templated":true}]}}