{"id":1093,"date":"2021-12-24T12:35:59","date_gmt":"2021-12-24T12:35:59","guid":{"rendered":"https:\/\/open-debat-ouvert.be\/?p=1093"},"modified":"2022-01-22T12:40:49","modified_gmt":"2022-01-22T12:40:49","slug":"une-lecture-de-lavis-80-du-comite-consultatif-de-bioethique-portant-sur-la-vaccination-obligatoire-des-adultes","status":"publish","type":"post","link":"https:\/\/open-debat-ouvert.be\/fr\/2021\/12\/une-lecture-de-lavis-80-du-comite-consultatif-de-bioethique-portant-sur-la-vaccination-obligatoire-des-adultes\/","title":{"rendered":"Une lecture de l\u2019avis 80 du Comit\u00e9 consultatif de bio\u00e9thique portant sur la vaccination obligatoire des adultes"},"content":{"rendered":"<div data-elementor-type=\"wp-post\" data-elementor-id=\"1093\" class=\"elementor elementor-1093\" data-elementor-post-type=\"post\">\n\t\t\t\t\t\t<section class=\"elementor-section elementor-top-section elementor-element elementor-element-3880f7d3 elementor-section-boxed elementor-section-height-default elementor-section-height-default\" data-id=\"3880f7d3\" data-element_type=\"section\" data-e-type=\"section\" data-settings=\"{&quot;background_background&quot;:&quot;classic&quot;}\">\n\t\t\t\t\t\t<div class=\"elementor-container elementor-column-gap-no\">\n\t\t\t\t\t<div class=\"elementor-column elementor-col-100 elementor-top-column elementor-element elementor-element-5cd49452\" data-id=\"5cd49452\" data-element_type=\"column\" data-e-type=\"column\">\n\t\t\t<div class=\"elementor-widget-wrap\">\n\t\t\t\t\t\t\t<\/div>\n\t\t<\/div>\n\t\t\t\t\t<\/div>\n\t\t<\/section>\n\t\t\t\t<section class=\"elementor-section elementor-top-section elementor-element elementor-element-45d2bf0a elementor-section-boxed elementor-section-height-default elementor-section-height-default\" data-id=\"45d2bf0a\" data-element_type=\"section\" data-e-type=\"section\">\n\t\t\t\t\t\t<div class=\"elementor-container elementor-column-gap-default\">\n\t\t\t\t\t<div class=\"elementor-column elementor-col-100 elementor-top-column elementor-element elementor-element-785c990a\" data-id=\"785c990a\" data-element_type=\"column\" data-e-type=\"column\">\n\t\t\t<div class=\"elementor-widget-wrap elementor-element-populated\">\n\t\t\t\t\t\t<div class=\"elementor-element elementor-element-a7454f6 elementor-widget elementor-widget-heading\" data-id=\"a7454f6\" data-element_type=\"widget\" data-e-type=\"widget\" data-widget_type=\"heading.default\">\n\t\t\t\t<div class=\"elementor-widget-container\">\n\t\t\t\t\t<h2 class=\"elementor-heading-title elementor-size-default\">Une lecture de l\u2019avis 80 du Comit\u00e9 consultatif de bio\u00e9thique portant sur la vaccination obligatoire des adultes<br><br>Un avis \u201c\u00e0 la Ponce Pilate\u201d?<\/h2>\t\t\t\t<\/div>\n\t\t\t\t<\/div>\n\t\t\t\t<div class=\"elementor-element elementor-element-73a4dec1 elementor-widget elementor-widget-heading\" data-id=\"73a4dec1\" data-element_type=\"widget\" data-e-type=\"widget\" data-widget_type=\"heading.default\">\n\t\t\t\t<div class=\"elementor-widget-container\">\n\t\t\t\t\t<h5 class=\"elementor-heading-title elementor-size-default\">David Doat, Beno\u00eet Bourgine, Rapha\u00ebl G\u00e9ly, Jean-Michel Longneaux, CovidRationnel, 24 d\u00e9cembre 2021<\/h5>\t\t\t\t<\/div>\n\t\t\t\t<\/div>\n\t\t\t\t<div class=\"elementor-element elementor-element-3e13aa1d elementor-widget elementor-widget-text-editor\" data-id=\"3e13aa1d\" data-element_type=\"widget\" data-e-type=\"widget\" data-widget_type=\"text-editor.default\">\n\t\t\t\t<div class=\"elementor-widget-container\">\n\t\t\t\t\t\t\t\t\t<p><strong>Le Comit\u00e9 Consultatif de Bio\u00e9thique Belge (CCBB) ne s\u2019est pas positionn\u00e9 en d\u00e9faveur d\u2019une obligation vaccinale pour les adultes dans son nouvel avis en date du 13 d\u00e9cembre 2021. Cette formulation alambiqu\u00e9e refl\u00e8te le cheminement sinueux d\u2019un avis peu fond\u00e9. Nous regrettons que le Comit\u00e9 n\u2019ait pas suivi les r\u00e9centes prises de position de la Commission nationale d\u2019\u00e9thique suisse et du comit\u00e9 d\u2019\u00e9thique allemand, qui rappellent\u00a0 la responsabilit\u00e9 morale de chacun par rapport \u00e0 la vaccination, tout en s\u2019opposant \u00e0 l\u2019obligation vaccinale \u00e9tendue \u00e0 tous les adultes.<\/strong><\/p><p>Dans son nouvel avis, le comit\u00e9 de bio\u00e9thique propose des conditions d\u2019acceptabilit\u00e9 \u00e9thique d\u2019une obligation vaccinale des adultes. &#8230;<\/p>\t\t\t\t\t\t\t\t<\/div>\n\t\t\t\t<\/div>\n\t\t\t\t<div class=\"elementor-element elementor-element-376e6fc1 elementor-widget elementor-widget-text-editor\" data-id=\"376e6fc1\" data-element_type=\"widget\" data-e-type=\"widget\" data-widget_type=\"text-editor.default\">\n\t\t\t\t<div class=\"elementor-widget-container\">\n\t\t\t\t\t\t\t\t\t<p><a href=\"https:\/\/covidrationnel.be\/2021\/12\/24\/une-lecture-de-lavis-80-du-comite-consultatif-de-bioethique-portant-sur-la-vaccination-obligatoire-des-adultes\/\" target=\"_blank\">(Cliquez ici pour lire l&#8217;article complet.)<\/a><br><\/p>\t\t\t\t\t\t\t\t<\/div>\n\t\t\t\t<\/div>\n\t\t\t\t\t<\/div>\n\t\t<\/div>\n\t\t\t\t\t<\/div>\n\t\t<\/section>\n\t\t\t\t<\/div>","protected":false},"excerpt":{"rendered":"<p>Une lecture de l\u2019avis 80 du Comit\u00e9 consultatif de bio\u00e9thique portant sur la vaccination obligatoire des adultes Un avis \u201c\u00e0 la Ponce Pilate\u201d? David Doat, Beno\u00eet Bourgine, Rapha\u00ebl G\u00e9ly, Jean-Michel Longneaux, CovidRationnel, 24 d\u00e9cembre 2021 Le Comit\u00e9 Consultatif de Bio\u00e9thique Belge (CCBB) ne s\u2019est pas positionn\u00e9 en d\u00e9faveur d\u2019une obligation vaccinale pour les adultes dans [&hellip;]<\/p>\n","protected":false},"author":1,"featured_media":1103,"comment_status":"open","ping_status":"open","sticky":false,"template":"full-width.php","format":"standard","meta":{"_acf_changed":false,"_coblocks_attr":"","_coblocks_dimensions":"","_coblocks_responsive_height":"","_coblocks_accordion_ie_support":"","footnotes":""},"categories":[12,1],"tags":[],"class_list":["post-1093","post","type-post","status-publish","format-standard","has-post-thumbnail","hentry","category-debat-posts","category-uncategorized"],"acf":[],"_links":{"self":[{"href":"https:\/\/open-debat-ouvert.be\/fr\/wp-json\/wp\/v2\/posts\/1093","targetHints":{"allow":["GET"]}}],"collection":[{"href":"https:\/\/open-debat-ouvert.be\/fr\/wp-json\/wp\/v2\/posts"}],"about":[{"href":"https:\/\/open-debat-ouvert.be\/fr\/wp-json\/wp\/v2\/types\/post"}],"author":[{"embeddable":true,"href":"https:\/\/open-debat-ouvert.be\/fr\/wp-json\/wp\/v2\/users\/1"}],"replies":[{"embeddable":true,"href":"https:\/\/open-debat-ouvert.be\/fr\/wp-json\/wp\/v2\/comments?post=1093"}],"version-history":[{"count":10,"href":"https:\/\/open-debat-ouvert.be\/fr\/wp-json\/wp\/v2\/posts\/1093\/revisions"}],"predecessor-version":[{"id":1104,"href":"https:\/\/open-debat-ouvert.be\/fr\/wp-json\/wp\/v2\/posts\/1093\/revisions\/1104"}],"wp:featuredmedia":[{"embeddable":true,"href":"https:\/\/open-debat-ouvert.be\/fr\/wp-json\/wp\/v2\/media\/1103"}],"wp:attachment":[{"href":"https:\/\/open-debat-ouvert.be\/fr\/wp-json\/wp\/v2\/media?parent=1093"}],"wp:term":[{"taxonomy":"category","embeddable":true,"href":"https:\/\/open-debat-ouvert.be\/fr\/wp-json\/wp\/v2\/categories?post=1093"},{"taxonomy":"post_tag","embeddable":true,"href":"https:\/\/open-debat-ouvert.be\/fr\/wp-json\/wp\/v2\/tags?post=1093"}],"curies":[{"name":"wp","href":"https:\/\/api.w.org\/{rel}","templated":true}]}}