{"id":1194,"date":"2022-02-16T12:02:35","date_gmt":"2022-02-16T12:02:35","guid":{"rendered":"https:\/\/open-debat-ouvert.be\/?p=1194"},"modified":"2022-02-16T12:05:06","modified_gmt":"2022-02-16T12:05:06","slug":"itinera-invites-thomas-gevaert-hoe-moet-de-toekomst-van-onze-gezondheidszorg-eruit-zien","status":"publish","type":"post","link":"https:\/\/open-debat-ouvert.be\/fr\/2022\/02\/itinera-invites-thomas-gevaert-hoe-moet-de-toekomst-van-onze-gezondheidszorg-eruit-zien\/","title":{"rendered":"Itinera invites Thomas Gevaert: hoe moet de toekomst van onze gezondheidszorg eruit zien?"},"content":{"rendered":"<div data-elementor-type=\"wp-post\" data-elementor-id=\"1194\" class=\"elementor elementor-1194\" data-elementor-post-type=\"post\">\n\t\t\t\t\t\t<section class=\"elementor-section elementor-top-section elementor-element elementor-element-41556abd elementor-section-boxed elementor-section-height-default elementor-section-height-default\" data-id=\"41556abd\" data-element_type=\"section\" data-e-type=\"section\" data-settings=\"{&quot;background_background&quot;:&quot;classic&quot;}\">\n\t\t\t\t\t\t<div class=\"elementor-container elementor-column-gap-no\">\n\t\t\t\t\t<div class=\"elementor-column elementor-col-100 elementor-top-column elementor-element elementor-element-2b392b7\" data-id=\"2b392b7\" data-element_type=\"column\" data-e-type=\"column\">\n\t\t\t<div class=\"elementor-widget-wrap\">\n\t\t\t\t\t\t\t<\/div>\n\t\t<\/div>\n\t\t\t\t\t<\/div>\n\t\t<\/section>\n\t\t\t\t<section class=\"elementor-section elementor-top-section elementor-element elementor-element-68689b69 elementor-section-boxed elementor-section-height-default elementor-section-height-default\" data-id=\"68689b69\" data-element_type=\"section\" data-e-type=\"section\">\n\t\t\t\t\t\t<div class=\"elementor-container elementor-column-gap-default\">\n\t\t\t\t\t<div class=\"elementor-column elementor-col-100 elementor-top-column elementor-element elementor-element-55466841\" data-id=\"55466841\" data-element_type=\"column\" data-e-type=\"column\">\n\t\t\t<div class=\"elementor-widget-wrap elementor-element-populated\">\n\t\t\t\t\t\t<div class=\"elementor-element elementor-element-a1d3275 elementor-widget elementor-widget-heading\" data-id=\"a1d3275\" data-element_type=\"widget\" data-e-type=\"widget\" data-widget_type=\"heading.default\">\n\t\t\t\t<div class=\"elementor-widget-container\">\n\t\t\t\t\t<h2 class=\"elementor-heading-title elementor-size-default\">Itinera invites Thomas Gevaert: hoe moet de toekomst van onze gezondheidszorg eruit zien?<\/h2>\t\t\t\t<\/div>\n\t\t\t\t<\/div>\n\t\t\t\t<div class=\"elementor-element elementor-element-477e96f1 elementor-widget elementor-widget-heading\" data-id=\"477e96f1\" data-element_type=\"widget\" data-e-type=\"widget\" data-widget_type=\"heading.default\">\n\t\t\t\t<div class=\"elementor-widget-container\">\n\t\t\t\t\t<h5 class=\"elementor-heading-title elementor-size-default\">Thomas Gevaert, Itinera, 16 februari 2022<\/h5>\t\t\t\t<\/div>\n\t\t\t\t<\/div>\n\t\t\t\t<div class=\"elementor-element elementor-element-2dbd468 elementor-widget elementor-widget-text-editor\" data-id=\"2dbd468\" data-element_type=\"widget\" data-e-type=\"widget\" data-widget_type=\"text-editor.default\">\n\t\t\t\t<div class=\"elementor-widget-container\">\n\t\t\t\t\t\t\t\t\t<p class=\"Type__TypeElement-goli3j-0 knWBkA umouqjSkMUbvF4I_Xz6r\">Corona heeft een enorme druk op onze gezondheidszorg gezet, daar kunnen we niet om heen. Maar eerder dan een gamechanger, was het een vergrootglas die bestaande weeffouten &#8211; genadeloos &#8211; bloot heeft gelegd.<\/p><p class=\"Type__TypeElement-goli3j-0 knWBkA umouqjSkMUbvF4I_Xz6r\">Hoe moet onze gezondheidszorg omgaan met \u00e9n (de nasleep van) corona, \u00e9n de uitgestelde zorg, \u00e9n de steeds toenemende vraag? Welke onderliggende architectuur is daarvoor nodig? En is dat een medisch, praktisch, of ook ethisch vraagstuk?<\/p><p class=\"Type__TypeElement-goli3j-0 knWBkA umouqjSkMUbvF4I_Xz6r\">Dat is de vraag die centraal staat in deze editie van Itinera Invites, met dokter Thomas Gevaert en medisch filosoof Ignaas Devisch.\u00a0<\/p>\t\t\t\t\t\t\t\t<\/div>\n\t\t\t\t<\/div>\n\t\t\t\t<div class=\"elementor-element elementor-element-5f9952c9 elementor-widget elementor-widget-text-editor\" data-id=\"5f9952c9\" data-element_type=\"widget\" data-e-type=\"widget\" data-widget_type=\"text-editor.default\">\n\t\t\t\t<div class=\"elementor-widget-container\">\n\t\t\t\t\t\t\t\t\t<p><a href=\"https:\/\/open.spotify.com\/episode\/2iMG467PB0H0RAg7Mj3RhA\" target=\"_blank\" rel=\"noopener\">(Klik hier om de podcast te beluisteren.)<\/a><\/p>\t\t\t\t\t\t\t\t<\/div>\n\t\t\t\t<\/div>\n\t\t\t\t\t<\/div>\n\t\t<\/div>\n\t\t\t\t\t<\/div>\n\t\t<\/section>\n\t\t\t\t<\/div>","protected":false},"excerpt":{"rendered":"<p>Itinera invites Thomas Gevaert: hoe moet de toekomst van onze gezondheidszorg eruit zien? Thomas Gevaert, Itinera, 16 februari 2022 Corona heeft een enorme druk op onze gezondheidszorg gezet, daar kunnen we niet om heen. Maar eerder dan een gamechanger, was het een vergrootglas die bestaande weeffouten &#8211; genadeloos &#8211; bloot heeft gelegd. Hoe moet onze [&hellip;]<\/p>\n","protected":false},"author":1,"featured_media":1211,"comment_status":"open","ping_status":"open","sticky":false,"template":"full-width.php","format":"standard","meta":{"_acf_changed":false,"_coblocks_attr":"","_coblocks_dimensions":"","_coblocks_responsive_height":"","_coblocks_accordion_ie_support":"","footnotes":""},"categories":[12],"tags":[],"class_list":["post-1194","post","type-post","status-publish","format-standard","has-post-thumbnail","hentry","category-debat-posts"],"acf":[],"_links":{"self":[{"href":"https:\/\/open-debat-ouvert.be\/fr\/wp-json\/wp\/v2\/posts\/1194","targetHints":{"allow":["GET"]}}],"collection":[{"href":"https:\/\/open-debat-ouvert.be\/fr\/wp-json\/wp\/v2\/posts"}],"about":[{"href":"https:\/\/open-debat-ouvert.be\/fr\/wp-json\/wp\/v2\/types\/post"}],"author":[{"embeddable":true,"href":"https:\/\/open-debat-ouvert.be\/fr\/wp-json\/wp\/v2\/users\/1"}],"replies":[{"embeddable":true,"href":"https:\/\/open-debat-ouvert.be\/fr\/wp-json\/wp\/v2\/comments?post=1194"}],"version-history":[{"count":16,"href":"https:\/\/open-debat-ouvert.be\/fr\/wp-json\/wp\/v2\/posts\/1194\/revisions"}],"predecessor-version":[{"id":1210,"href":"https:\/\/open-debat-ouvert.be\/fr\/wp-json\/wp\/v2\/posts\/1194\/revisions\/1210"}],"wp:featuredmedia":[{"embeddable":true,"href":"https:\/\/open-debat-ouvert.be\/fr\/wp-json\/wp\/v2\/media\/1211"}],"wp:attachment":[{"href":"https:\/\/open-debat-ouvert.be\/fr\/wp-json\/wp\/v2\/media?parent=1194"}],"wp:term":[{"taxonomy":"category","embeddable":true,"href":"https:\/\/open-debat-ouvert.be\/fr\/wp-json\/wp\/v2\/categories?post=1194"},{"taxonomy":"post_tag","embeddable":true,"href":"https:\/\/open-debat-ouvert.be\/fr\/wp-json\/wp\/v2\/tags?post=1194"}],"curies":[{"name":"wp","href":"https:\/\/api.w.org\/{rel}","templated":true}]}}