{"id":1306,"date":"2022-03-02T16:42:30","date_gmt":"2022-03-02T16:42:30","guid":{"rendered":"https:\/\/open-debat-ouvert.be\/?p=1306"},"modified":"2022-03-07T09:38:32","modified_gmt":"2022-03-07T09:38:32","slug":"lentesymposium-23-24-03-kvs","status":"publish","type":"post","link":"https:\/\/open-debat-ouvert.be\/fr\/2022\/03\/lentesymposium-23-24-03-kvs\/","title":{"rendered":"Lentesymposium: 23-24\/03 @ KVS"},"content":{"rendered":"<div data-elementor-type=\"wp-post\" data-elementor-id=\"1306\" class=\"elementor elementor-1306\" data-elementor-post-type=\"post\">\n\t\t\t\t\t\t<section class=\"elementor-section elementor-top-section elementor-element elementor-element-6324b80 elementor-section-boxed elementor-section-height-default elementor-section-height-default\" data-id=\"6324b80\" data-element_type=\"section\" data-e-type=\"section\" data-settings=\"{&quot;background_background&quot;:&quot;classic&quot;}\">\n\t\t\t\t\t\t<div class=\"elementor-container elementor-column-gap-no\">\n\t\t\t\t\t<div class=\"elementor-column elementor-col-100 elementor-top-column elementor-element elementor-element-153b9689\" data-id=\"153b9689\" data-element_type=\"column\" data-e-type=\"column\">\n\t\t\t<div class=\"elementor-widget-wrap\">\n\t\t\t\t\t\t\t<\/div>\n\t\t<\/div>\n\t\t\t\t\t<\/div>\n\t\t<\/section>\n\t\t\t\t<section class=\"elementor-section elementor-top-section elementor-element elementor-element-15923dc2 elementor-section-boxed elementor-section-height-default elementor-section-height-default\" data-id=\"15923dc2\" data-element_type=\"section\" data-e-type=\"section\">\n\t\t\t\t\t\t<div class=\"elementor-container elementor-column-gap-default\">\n\t\t\t\t\t<div class=\"elementor-column elementor-col-100 elementor-top-column elementor-element elementor-element-6c540786\" data-id=\"6c540786\" data-element_type=\"column\" data-e-type=\"column\">\n\t\t\t<div class=\"elementor-widget-wrap elementor-element-populated\">\n\t\t\t\t\t\t<div class=\"elementor-element elementor-element-771d13c3 elementor-widget elementor-widget-heading\" data-id=\"771d13c3\" data-element_type=\"widget\" data-e-type=\"widget\" data-widget_type=\"heading.default\">\n\t\t\t\t<div class=\"elementor-widget-container\">\n\t\t\t\t\t<h2 class=\"elementor-heading-title elementor-size-default\">Symposium de Printemps<\/h2>\t\t\t\t<\/div>\n\t\t\t\t<\/div>\n\t\t\t\t<div class=\"elementor-element elementor-element-3714c794 elementor-widget elementor-widget-heading\" data-id=\"3714c794\" data-element_type=\"widget\" data-e-type=\"widget\" data-widget_type=\"heading.default\">\n\t\t\t\t<div class=\"elementor-widget-container\">\n\t\t\t\t\t<h5 class=\"elementor-heading-title elementor-size-default\">Symposium sur la Covid et la politique en mati\u00e8re de pand\u00e9mies : un regard vers le futur, 23-24\/03\/2022 @ KVS, Bruxelles<\/h5>\t\t\t\t<\/div>\n\t\t\t\t<\/div>\n\t\t\t\t<div class=\"elementor-element elementor-element-4a95cdaf elementor-widget elementor-widget-text-editor\" data-id=\"4a95cdaf\" data-element_type=\"widget\" data-e-type=\"widget\" data-widget_type=\"text-editor.default\">\n\t\t\t\t<div class=\"elementor-widget-container\">\n\t\t\t\t\t\t\t\t\t<p>\u00a0<\/p><center><br \/>Le variant Omicron est-il encore dangereux ?<\/center><center>Y aura-t-il de nouveaux variants ?<\/center><center>Qu\u2019en est-il de nos jeunes ? Et des groupes \u00e0 risque ?<\/center><center>Le CST interf\u00e8re-t-il avec nos droits fondamentaux ?<\/center><center>Quel est l'\u00e9tat de notre bien-\u00eatre psychologique ?<\/center><center>Pouvons-nous sortir et profiter d\u2019une vie culturelle en toute s\u00e9curit\u00e9, et comment ?<\/center><center>Aurons-nous besoin d'un rappel de vaccination chaque ann\u00e9e ?<\/center><center>Comment faire face aux in\u00e9galit\u00e9s internationales en mati\u00e8re de vaccins ?<\/center><center>Comment nous pr\u00e9parer pour affronter des crises futures ?<\/center><center>Quel r\u00f4le les scientifiques doivent-ils jouer ?<br \/>Et quel r\u00f4le pour les m\u00e9dias ?<\/center><center>&#8230;<\/center><p>\u00a0<\/p>\t\t\t\t\t\t\t\t<\/div>\n\t\t\t\t<\/div>\n\t\t\t\t<div class=\"elementor-element elementor-element-7c672cc7 elementor-widget elementor-widget-text-editor\" data-id=\"7c672cc7\" data-element_type=\"widget\" data-e-type=\"widget\" data-widget_type=\"text-editor.default\">\n\t\t\t\t<div class=\"elementor-widget-container\">\n\t\t\t\t\t\t\t\t\t<p><strong>\u201cOut beyond rightdoing and wrongdoing, there is a field. I\u2019ll meet you there\u201d (Rumi)<\/strong><\/p><p>Deux ans, presque jour pour jour apr\u00e8s le premier confinement, des scientifiques et d'autres personnalit\u00e9s se r\u00e9uniront lors du Symposium de Printemps pour discuter de ces questions et d'autres d\u00e9fis importants. Un d\u00e9bat constructif, tourn\u00e9 vers l'avenir, respectueux et ouvert.<\/p><p>Les intervenants viennent de diverses disciplines, de la Belgique et de l'\u00e9tranger, et incluent tant des acteurs qui ont \u00e9t\u00e9 proches de la politique que des personnes qui l'ont suivie de plus loin.<\/p>\t\t\t\t\t\t\t\t<\/div>\n\t\t\t\t<\/div>\n\t\t\t\t<div class=\"elementor-element elementor-element-985403e elementor-widget elementor-widget-text-editor\" data-id=\"985403e\" data-element_type=\"widget\" data-e-type=\"widget\" data-widget_type=\"text-editor.default\">\n\t\t\t\t<div class=\"elementor-widget-container\">\n\t\t\t\t\t\t\t\t\t<p><b>O\u00f9, pour qui, quand et comment participer ?<\/b><\/p>\n<p><span style=\"font-weight: 400;\">Le mercredi 23 mars, le Symposium de Printemps d\u00e9butera par une journ\u00e9e enti\u00e8re de sessions plus techniques et acad\u00e9miques au KVS \u00e0 Bruxelles. Le jeudi 24 mars, le symposium (\u00e9galement au KVS) s'adressera \u00e0 un large public int\u00e9ress\u00e9 et comprendra des pr\u00e9sentations et d\u00e9bats, entrecoup\u00e9s d\u2019une performance de Sioen et d\u2019un spectacle slam de Lisette Ma Neza.&nbsp;<\/span><\/p>\n<p><span style=\"font-weight: 400;\">Un programme d\u00e9taill\u00e9 sera publi\u00e9 sur lentesymposium.net dans les prochains jours.<\/span><\/p>\n<p><span style=\"font-weight: 400;\">Les billets pour ceux qui souhaitent y participer sont disponibles sur <\/span><a href=\"http:\/\/www.kvs.be\"><span style=\"font-weight: 400;\">www.kvs.be<\/span><\/a>&nbsp;(koffiepauzes zijn inbegrepen, en op woensdag ook een lunch). Virtuele deelname zal gratis zijn, via <a href=\"http:\/\/lentesymposium.net\" style=\"background-color: rgb(255, 255, 255);\">lentesymposium.net<\/a>.<\/p>\t\t\t\t\t\t\t\t<\/div>\n\t\t\t\t<\/div>\n\t\t\t\t<div class=\"elementor-element elementor-element-0d56bb2 elementor-widget elementor-widget-text-editor\" data-id=\"0d56bb2\" data-element_type=\"widget\" data-e-type=\"widget\" data-widget_type=\"text-editor.default\">\n\t\t\t\t<div class=\"elementor-widget-container\">\n\t\t\t\t\t\t\t\t\t<p><b>Programma:<\/b><\/p>\n<p><i><span style=\"font-weight: 400;\">Bevestigde sprekers:<\/span><\/i><\/p>\n<ul>\n<li style=\"font-weight: 400;\" aria-level=\"1\"><span style=\"font-weight: 400;\">Mercredi 23\/3:&nbsp;<\/span>Michael Absoud, Bert Blocken, Elise Braekman, Pedro Facon, Inez Germeys, Shamez Ladhani, Reitske Meganck, Geert Meyfroidt, Alasdair Munro, Tim Pauwels, Raffaella Ravinetto, Bernard Rentier, Erik Schokkaert,&nbsp;Remco van de Pas, Anne-Mieke Vandamme, Karin Verelst, Nicolas Vermeulen, Lander Willem,\u2026<\/li>\n<li style=\"font-weight: 400;\" aria-level=\"1\"><span style=\"font-weight: 400;\">Jeudi 24\/3:&nbsp;<\/span>Souad Abihi, Amir Bachrouri, Cathy Berx, Jeroen Bossaert, Laura Cornelissen, Kristof De Witte, Pol Deltour, Matthias Dobbelaere-Welvaert, Laurens Lavrysen, Nancy Libert, Dave Sinardet, Sarah Van Leuven, Peter Verlinden, Caroline Vrijens,\u2026<\/li>\n<\/ul>\n<p><i><span style=\"font-weight: 400;\">Met optredens van:<\/span><\/i><\/p>\n<ul>\n<li style=\"font-weight: 400;\" aria-level=\"1\"><span style=\"font-weight: 400;\">Donderdag 24\/3: Sioen, Lisette Ma Neza.<\/span><\/li>\n<\/ul>\t\t\t\t\t\t\t\t<\/div>\n\t\t\t\t<\/div>\n\t\t\t\t<div class=\"elementor-element elementor-element-e5b70ee elementor-widget elementor-widget-text-editor\" data-id=\"e5b70ee\" data-element_type=\"widget\" data-e-type=\"widget\" data-widget_type=\"text-editor.default\">\n\t\t\t\t<div class=\"elementor-widget-container\">\n\t\t\t\t\t\t\t\t\t<p><b>Organisatie:<\/b><\/p>\n<p><i><span style=\"font-weight: 400;\">Sessie organisatoren: <\/span><\/i><span style=\"font-weight: 400;\">Bart Criel, Tijl De Bie, Koen Deforche, Reitske Meganck, Thomas Gevaert, Rik Torfs, Ivan Van de Cloot, Anne-Mieke Vandamme, Remco van de Pas, Peter Verlinden, Joris Vlieghe.<\/span><\/p>\n<p><i><span style=\"font-weight: 400;\">Moderatoren:<\/span><\/i><span style=\"font-weight: 400;\"> Tinneke Beeckman, Tijl De Bie, Zeger Debyser, Koen Deforche, Thomas Gevaert, Reitske Meganck<\/span>, Rik Torfs, Remco van de Pas, Karin Verelst.<\/p>\n<p><i><span style=\"font-weight: 400;\">Praktische en globale co\u00f6rdinatie: <\/span><\/i><span style=\"font-weight: 400;\">Tijl De Bie, Michael De Cock, Bert De Munck, Catherine Gysels, Winne Jacobs, Ann Kermans, Herwig Mannaert, Peter Petr\u00e9, Ellen Schoenaerts.<\/span><\/p>\t\t\t\t\t\t\t\t<\/div>\n\t\t\t\t<\/div>\n\t\t\t\t<div class=\"elementor-element elementor-element-86db88b elementor-widget elementor-widget-text-editor\" data-id=\"86db88b\" data-element_type=\"widget\" data-e-type=\"widget\" data-widget_type=\"text-editor.default\">\n\t\t\t\t<div class=\"elementor-widget-container\">\n\t\t\t\t\t\t\t\t\t<center><i><span style=\"font-weight: 400;\">Une initiative de https:\/\/open-debat-ouvert.be\/.<\/span><\/i><\/center>\t\t\t\t\t\t\t\t<\/div>\n\t\t\t\t<\/div>\n\t\t\t\t\t<\/div>\n\t\t<\/div>\n\t\t\t\t\t<\/div>\n\t\t<\/section>\n\t\t\t\t<\/div>","protected":false},"excerpt":{"rendered":"<p>Lentesymposium Toekomstgericht symposium rond Covid en pandemiebeleid, 23-24\/03\/2022 @ KVS, Brussel \u00a0 Hoe gevaarlijk is Omikron nog?Komen er nog nieuwe varianten?Wat met onze jongeren? En wat met risicogroepen?Vloekt het CST met onze grondrechten?Hoe is het gesteld met het psychisch welzijn?Kunnen uitgaan en cultuur op een veilige manier, en hoe?Zullen we ons jaarlijks moeten laten boosteren?Wat [&hellip;]<\/p>\n","protected":false},"author":1,"featured_media":0,"comment_status":"open","ping_status":"open","sticky":false,"template":"full-width.php","format":"standard","meta":{"_acf_changed":false,"_coblocks_attr":"","_coblocks_dimensions":"","_coblocks_responsive_height":"","_coblocks_accordion_ie_support":"","footnotes":""},"categories":[14,13],"tags":[],"class_list":["post-1306","post","type-post","status-publish","format-standard","hentry","category-pers","category-pers-presse-posts"],"acf":[],"_links":{"self":[{"href":"https:\/\/open-debat-ouvert.be\/fr\/wp-json\/wp\/v2\/posts\/1306","targetHints":{"allow":["GET"]}}],"collection":[{"href":"https:\/\/open-debat-ouvert.be\/fr\/wp-json\/wp\/v2\/posts"}],"about":[{"href":"https:\/\/open-debat-ouvert.be\/fr\/wp-json\/wp\/v2\/types\/post"}],"author":[{"embeddable":true,"href":"https:\/\/open-debat-ouvert.be\/fr\/wp-json\/wp\/v2\/users\/1"}],"replies":[{"embeddable":true,"href":"https:\/\/open-debat-ouvert.be\/fr\/wp-json\/wp\/v2\/comments?post=1306"}],"version-history":[{"count":27,"href":"https:\/\/open-debat-ouvert.be\/fr\/wp-json\/wp\/v2\/posts\/1306\/revisions"}],"predecessor-version":[{"id":1378,"href":"https:\/\/open-debat-ouvert.be\/fr\/wp-json\/wp\/v2\/posts\/1306\/revisions\/1378"}],"wp:attachment":[{"href":"https:\/\/open-debat-ouvert.be\/fr\/wp-json\/wp\/v2\/media?parent=1306"}],"wp:term":[{"taxonomy":"category","embeddable":true,"href":"https:\/\/open-debat-ouvert.be\/fr\/wp-json\/wp\/v2\/categories?post=1306"},{"taxonomy":"post_tag","embeddable":true,"href":"https:\/\/open-debat-ouvert.be\/fr\/wp-json\/wp\/v2\/tags?post=1306"}],"curies":[{"name":"wp","href":"https:\/\/api.w.org\/{rel}","templated":true}]}}