{"id":1484,"date":"2022-07-19T08:35:52","date_gmt":"2022-07-19T08:35:52","guid":{"rendered":"https:\/\/open-debat-ouvert.be\/?p=1484"},"modified":"2022-08-04T08:53:08","modified_gmt":"2022-08-04T08:53:08","slug":"de-la-scientificite-du-gems","status":"publish","type":"post","link":"https:\/\/open-debat-ouvert.be\/fr\/2022\/07\/de-la-scientificite-du-gems\/","title":{"rendered":"De la scientificit\u00e9 du GEMS"},"content":{"rendered":"\t\t<div data-elementor-type=\"wp-post\" data-elementor-id=\"1484\" class=\"elementor elementor-1484\" data-elementor-post-type=\"post\">\n\t\t\t\t\t\t<section class=\"elementor-section elementor-top-section elementor-element elementor-element-701e2da0 elementor-section-boxed elementor-section-height-default elementor-section-height-default\" data-id=\"701e2da0\" data-element_type=\"section\" data-e-type=\"section\" data-settings=\"{&quot;background_background&quot;:&quot;classic&quot;}\">\n\t\t\t\t\t\t<div class=\"elementor-container elementor-column-gap-no\">\n\t\t\t\t\t<div class=\"elementor-column elementor-col-100 elementor-top-column elementor-element elementor-element-7070e60f\" data-id=\"7070e60f\" data-element_type=\"column\" data-e-type=\"column\">\n\t\t\t<div class=\"elementor-widget-wrap\">\n\t\t\t\t\t\t\t<\/div>\n\t\t<\/div>\n\t\t\t\t\t<\/div>\n\t\t<\/section>\n\t\t\t\t<section class=\"elementor-section elementor-top-section elementor-element elementor-element-4eb0a1ab elementor-section-boxed elementor-section-height-default elementor-section-height-default\" data-id=\"4eb0a1ab\" data-element_type=\"section\" data-e-type=\"section\">\n\t\t\t\t\t\t<div class=\"elementor-container elementor-column-gap-default\">\n\t\t\t\t\t<div class=\"elementor-column elementor-col-100 elementor-top-column elementor-element elementor-element-7d8c1e75\" data-id=\"7d8c1e75\" data-element_type=\"column\" data-e-type=\"column\">\n\t\t\t<div class=\"elementor-widget-wrap elementor-element-populated\">\n\t\t\t\t\t\t<div class=\"elementor-element elementor-element-495f8b29 elementor-widget elementor-widget-heading\" data-id=\"495f8b29\" data-element_type=\"widget\" data-e-type=\"widget\" data-widget_type=\"heading.default\">\n\t\t\t\t<div class=\"elementor-widget-container\">\n\t\t\t\t\t<h2 class=\"elementor-heading-title elementor-size-default\">De la scientificit\u00e9 du GEMS<\/h2>\t\t\t\t<\/div>\n\t\t\t\t<\/div>\n\t\t\t\t<div class=\"elementor-element elementor-element-69610cd8 elementor-widget elementor-widget-heading\" data-id=\"69610cd8\" data-element_type=\"widget\" data-e-type=\"widget\" data-widget_type=\"heading.default\">\n\t\t\t\t<div class=\"elementor-widget-container\">\n\t\t\t\t\t<h5 class=\"elementor-heading-title elementor-size-default\">Marc-Antoine Gavray (Philosophe, FRS-FNRS, Universit\u00e9 de Li\u00e8ge), Paul De Hert (Juriste, sp\u00e9cialiste du Droit de la vie priv\u00e9e, Vrije Universiteit Brussel), https:\/\/covidrationnel.be\/, 19\/07\/2022<\/h5>\t\t\t\t<\/div>\n\t\t\t\t<\/div>\n\t\t\t\t<div class=\"elementor-element elementor-element-4b1c7a36 elementor-widget elementor-widget-text-editor\" data-id=\"4b1c7a36\" data-element_type=\"widget\" data-e-type=\"widget\" data-widget_type=\"text-editor.default\">\n\t\t\t\t<div class=\"elementor-widget-container\">\n\t\t\t\t\t\t\t\t\t<h5><i>Analyse juridique et philosophique de l\u2019avis du 14 janvier 2022<\/i><\/h5><div><i>[Une version n\u00e9erlandaise de cette analyse a \u00e9t\u00e9 publi\u00e9e le 13 avril 2002 sur le site\u00a0<\/i><a href=\"https:\/\/www.decontroversatie.be\/post\/de-corona-adviespraktijk-van-de-gems-wetenschappelijk-doorgelicht\" target=\"_blank\" rel=\"noopener\"><i>de Controversatie.be<\/i><\/a><i>. Il en existe \u00e9galement une version br\u00e8ve, en n\u00e9erlandais, parue sur le site de\u00a0<\/i><a href=\"https:\/\/www.dewereldmorgen.be\/community\/politieke-rol-gems-doorgelicht-over-de-ontbinding-van-een-groep-experten\/\" target=\"_blank\" rel=\"noopener\"><i>DeWereldMorgen.be<\/i><\/a><i>, le 18 avril 2022.]<br \/><\/i><\/div><div><div>\u00a0<\/div><div><b>1. La querelle GEMS vs le Manifeste d\u2019hiver<\/b><\/div><div>\u00a0<\/div><div>Le 8 avril 2022, la Belgique a tourn\u00e9 une page de son Histoire, quand le gouvernement a dissous le GEMS \u2013 le groupe d\u2019experts qu\u2019il s\u2019\u00e9tait adjoint durant la crise Covid pour le conseiller dans sa politique sanitaire. Il serait pourtant pr\u00e9cipit\u00e9 de croire que celui-ci appartient d\u00e9sormais au pass\u00e9 : les organes de conseil passent, leurs \u00e9crits restent. En t\u00e9moigne l\u2019un de ses derniers avis, rendu le 14 janvier 2022, celui \u00e0 l\u2019origine du barom\u00e8tre corona. Le GEMS est mort, la politique sanitaire qu\u2019il avait initi\u00e9e ce jour-l\u00e0 lui a surv\u00e9cu, puisque le barom\u00e8tre r\u00e9git encore notre vie. Aussi voudrions-nous regarder de plus pr\u00e8s ce texte \u00e0 l\u2019origine de ce qui fait d\u00e9sormais notre quotidien et prendre le temps de le suivre au fil de ses arguments [2].<\/div><div>\u00a0<\/div><div>Notre d\u00e9marche s\u2019inscrit dans le sillage du Manifeste d\u2019hiver, ce moment critique o\u00f9 cent vingt scientifiques belges se sont prononc\u00e9s en faveur d\u2019un d\u00e9bat ouvert, qui accorde plus de place \u00e0 d\u2019autres approches que la virologie, l\u2019\u00e9pid\u00e9miologie ou la bio-statistique dans la gestion de la crise sanitaire. &#8230;<\/div><div>\u00a0<\/div><\/div>\t\t\t\t\t\t\t\t<\/div>\n\t\t\t\t<\/div>\n\t\t\t\t<div class=\"elementor-element elementor-element-18424bb8 elementor-widget elementor-widget-text-editor\" data-id=\"18424bb8\" data-element_type=\"widget\" data-e-type=\"widget\" data-widget_type=\"text-editor.default\">\n\t\t\t\t<div class=\"elementor-widget-container\">\n\t\t\t\t\t\t\t\t\t<p>(<a href=\"https:\/\/covidrationnel.be\/2022\/07\/19\/de-la-scientificite-du-gems\/\" target=\"_blank\" rel=\"noopener\">Cliquez ici<\/a>\u00a0pour lire l&#8217;article complet.)<\/p>\t\t\t\t\t\t\t\t<\/div>\n\t\t\t\t<\/div>\n\t\t\t\t\t<\/div>\n\t\t<\/div>\n\t\t\t\t\t<\/div>\n\t\t<\/section>\n\t\t\t\t<\/div>\n\t\t","protected":false},"excerpt":{"rendered":"<p>De la scientificit\u00e9 du GEMS Marc-Antoine Gavray (Philosophe, FRS-FNRS, Universit\u00e9 de Li\u00e8ge), Paul De Hert (Juriste, sp\u00e9cialiste du Droit de la vie priv\u00e9e, Vrije Universiteit Brussel), https:\/\/covidrationnel.be\/, 19\/07\/2022 Analyse juridique et philosophique de l\u2019avis du 14 janvier 2022 [Une version n\u00e9erlandaise de cette analyse a \u00e9t\u00e9 publi\u00e9e le 13 avril 2002 sur le site&nbsp;de Controversatie.be. [&hellip;]<\/p>\n","protected":false},"author":1,"featured_media":1502,"comment_status":"open","ping_status":"open","sticky":false,"template":"full-width.php","format":"standard","meta":{"_acf_changed":false,"_coblocks_attr":"","_coblocks_dimensions":"","_coblocks_responsive_height":"","_coblocks_accordion_ie_support":"","footnotes":""},"categories":[12,1],"tags":[],"class_list":["post-1484","post","type-post","status-publish","format-standard","has-post-thumbnail","hentry","category-debat-posts","category-uncategorized"],"acf":[],"_links":{"self":[{"href":"https:\/\/open-debat-ouvert.be\/fr\/wp-json\/wp\/v2\/posts\/1484","targetHints":{"allow":["GET"]}}],"collection":[{"href":"https:\/\/open-debat-ouvert.be\/fr\/wp-json\/wp\/v2\/posts"}],"about":[{"href":"https:\/\/open-debat-ouvert.be\/fr\/wp-json\/wp\/v2\/types\/post"}],"author":[{"embeddable":true,"href":"https:\/\/open-debat-ouvert.be\/fr\/wp-json\/wp\/v2\/users\/1"}],"replies":[{"embeddable":true,"href":"https:\/\/open-debat-ouvert.be\/fr\/wp-json\/wp\/v2\/comments?post=1484"}],"version-history":[{"count":16,"href":"https:\/\/open-debat-ouvert.be\/fr\/wp-json\/wp\/v2\/posts\/1484\/revisions"}],"predecessor-version":[{"id":1503,"href":"https:\/\/open-debat-ouvert.be\/fr\/wp-json\/wp\/v2\/posts\/1484\/revisions\/1503"}],"wp:featuredmedia":[{"embeddable":true,"href":"https:\/\/open-debat-ouvert.be\/fr\/wp-json\/wp\/v2\/media\/1502"}],"wp:attachment":[{"href":"https:\/\/open-debat-ouvert.be\/fr\/wp-json\/wp\/v2\/media?parent=1484"}],"wp:term":[{"taxonomy":"category","embeddable":true,"href":"https:\/\/open-debat-ouvert.be\/fr\/wp-json\/wp\/v2\/categories?post=1484"},{"taxonomy":"post_tag","embeddable":true,"href":"https:\/\/open-debat-ouvert.be\/fr\/wp-json\/wp\/v2\/tags?post=1484"}],"curies":[{"name":"wp","href":"https:\/\/api.w.org\/{rel}","templated":true}]}}