{"id":1543,"date":"2022-09-08T14:17:00","date_gmt":"2022-09-08T14:17:00","guid":{"rendered":"https:\/\/open-debat-ouvert.be\/?p=1543"},"modified":"2022-09-14T14:20:09","modified_gmt":"2022-09-14T14:20:09","slug":"nouvelle-campagne-de-vaccination-anti-covid-19-ne-plus-mettre-les-non-vaccines-au-ban-de-la-societe","status":"publish","type":"post","link":"https:\/\/open-debat-ouvert.be\/fr\/2022\/09\/nouvelle-campagne-de-vaccination-anti-covid-19-ne-plus-mettre-les-non-vaccines-au-ban-de-la-societe\/","title":{"rendered":"Nouvelle campagne de vaccination anti-Covid-19: ne plus mettre les non-vaccin\u00e9s au ban de la soci\u00e9t\u00e9"},"content":{"rendered":"<div data-elementor-type=\"wp-post\" data-elementor-id=\"1543\" class=\"elementor elementor-1543\" data-elementor-post-type=\"post\">\n\t\t\t\t\t\t<section class=\"elementor-section elementor-top-section elementor-element elementor-element-542b506f elementor-section-boxed elementor-section-height-default elementor-section-height-default\" data-id=\"542b506f\" data-element_type=\"section\" data-e-type=\"section\" data-settings=\"{&quot;background_background&quot;:&quot;classic&quot;}\">\n\t\t\t\t\t\t<div class=\"elementor-container elementor-column-gap-no\">\n\t\t\t\t\t<div class=\"elementor-column elementor-col-100 elementor-top-column elementor-element elementor-element-2210717c\" data-id=\"2210717c\" data-element_type=\"column\" data-e-type=\"column\">\n\t\t\t<div class=\"elementor-widget-wrap\">\n\t\t\t\t\t\t\t<\/div>\n\t\t<\/div>\n\t\t\t\t\t<\/div>\n\t\t<\/section>\n\t\t\t\t<section class=\"elementor-section elementor-top-section elementor-element elementor-element-69ceb50f elementor-section-boxed elementor-section-height-default elementor-section-height-default\" data-id=\"69ceb50f\" data-element_type=\"section\" data-e-type=\"section\">\n\t\t\t\t\t\t<div class=\"elementor-container elementor-column-gap-default\">\n\t\t\t\t\t<div class=\"elementor-column elementor-col-100 elementor-top-column elementor-element elementor-element-3d033158\" data-id=\"3d033158\" data-element_type=\"column\" data-e-type=\"column\">\n\t\t\t<div class=\"elementor-widget-wrap elementor-element-populated\">\n\t\t\t\t\t\t<div class=\"elementor-element elementor-element-69077fc7 elementor-widget elementor-widget-heading\" data-id=\"69077fc7\" data-element_type=\"widget\" data-e-type=\"widget\" data-widget_type=\"heading.default\">\n\t\t\t\t<div class=\"elementor-widget-container\">\n\t\t\t\t\t<h2 class=\"elementor-heading-title elementor-size-default\">Nouvelle campagne de vaccination anti-Covid-19: ne plus mettre les non-vaccin\u00e9s au ban de la soci\u00e9t\u00e9<\/h2>\t\t\t\t<\/div>\n\t\t\t\t<\/div>\n\t\t\t\t<div class=\"elementor-element elementor-element-11d58d04 elementor-widget elementor-widget-heading\" data-id=\"11d58d04\" data-element_type=\"widget\" data-e-type=\"widget\" data-widget_type=\"heading.default\">\n\t\t\t\t<div class=\"elementor-widget-container\">\n\t\t\t\t\t<h5 class=\"elementor-heading-title elementor-size-default\">Bernard Rentier, MediQuality, 8 Septembre 2022<\/h5>\t\t\t\t<\/div>\n\t\t\t\t<\/div>\n\t\t\t\t<div class=\"elementor-element elementor-element-4d229522 elementor-widget elementor-widget-text-editor\" data-id=\"4d229522\" data-element_type=\"widget\" data-e-type=\"widget\" data-widget_type=\"text-editor.default\">\n\t\t\t\t<div class=\"elementor-widget-container\">\n\t\t\t\t\t\t\t\t\t<p>Une nouvelle campagne de vaccination anti-COVID sera lanc\u00e9e ce 12 septembre. Cela fait partie de la politique de gestion de la crise sanitaire face \u00e0 l\u2019incertitude sur l\u2019\u00e9volution de l\u2019\u00e9pid\u00e9mie. N\u00e9anmoins, nous ne sommes pas dans les conditions de la rentr\u00e9e de 2020 ni m\u00eame de 2021 et il n\u2019est pas logique de rejouer simplement la pi\u00e8ce.<\/p><p>Tout d&#8217;abord, les variants du SARS-CoV-2 se sont progressivement att\u00e9nu\u00e9s (comme toujours lors des pand\u00e9mies virales respiratoires) et la maladie n&#8217;est plus aujourd&#8217;hui celle de d\u00e9part, aussi peut-on l&#8217;appeler \u00ab COVID-22 \u00bb. Ensuite, ce qui est propos\u00e9 maintenant, c&#8217;est une revaccination (3\u00e8me ou 4\u00e8me dose, voire, pour certains, une 5\u00e8me), pudiquement d\u00e9nomm\u00e9e \u00ab 1er, 2\u00e8me ou 3\u00e8me rappel \u00bb apr\u00e8s la vaccination dite \u00ab compl\u00e8te \u00bb.<\/p><p>Tout citoyen a l\u00e9gitimement droit \u00e0 cette vaccination, s&#8217;il le souhaite, comme il a le droit de la refuser sans se faire mettre au ban de la soci\u00e9t\u00e9 sous pr\u00e9texte qu&#8217;il met ses cong\u00e9n\u00e8res en danger. &#8230;<\/p>\t\t\t\t\t\t\t\t<\/div>\n\t\t\t\t<\/div>\n\t\t\t\t<div class=\"elementor-element elementor-element-291d6e48 elementor-widget elementor-widget-text-editor\" data-id=\"291d6e48\" data-element_type=\"widget\" data-e-type=\"widget\" data-widget_type=\"text-editor.default\">\n\t\t\t\t<div class=\"elementor-widget-container\">\n\t\t\t\t\t\t\t\t\t<p>(<a href=\"https:\/\/www.mediquality.net\/be-fr\/news\/article\/25098885\/nouvelle-campagne-de-vaccination-anti-covid-19-ne-plus-mettre-les-non-vaccines-au-ban-de-la-societe-opinion\" target=\"_blank\" rel=\"noopener\">Cliquez ici<\/a>\u00a0pour lire l&#8217;article complet.)<\/p>\t\t\t\t\t\t\t\t<\/div>\n\t\t\t\t<\/div>\n\t\t\t\t\t<\/div>\n\t\t<\/div>\n\t\t\t\t\t<\/div>\n\t\t<\/section>\n\t\t\t\t<\/div>","protected":false},"excerpt":{"rendered":"<p>Nouvelle campagne de vaccination anti-Covid-19: ne plus mettre les non-vaccin\u00e9s au ban de la soci\u00e9t\u00e9 Bernard Rentier, MediQuality, 8 Septembre 2022 Une nouvelle campagne de vaccination anti-COVID sera lanc\u00e9e ce 12 septembre. Cela fait partie de la politique de gestion de la crise sanitaire face \u00e0 l\u2019incertitude sur l\u2019\u00e9volution de l\u2019\u00e9pid\u00e9mie. N\u00e9anmoins, nous ne sommes [&hellip;]<\/p>\n","protected":false},"author":1,"featured_media":1541,"comment_status":"open","ping_status":"open","sticky":false,"template":"full-width.php","format":"standard","meta":{"_acf_changed":false,"_coblocks_attr":"","_coblocks_dimensions":"","_coblocks_responsive_height":"","_coblocks_accordion_ie_support":"","footnotes":""},"categories":[12,1],"tags":[],"class_list":["post-1543","post","type-post","status-publish","format-standard","has-post-thumbnail","hentry","category-debat-posts","category-uncategorized"],"acf":[],"_links":{"self":[{"href":"https:\/\/open-debat-ouvert.be\/fr\/wp-json\/wp\/v2\/posts\/1543","targetHints":{"allow":["GET"]}}],"collection":[{"href":"https:\/\/open-debat-ouvert.be\/fr\/wp-json\/wp\/v2\/posts"}],"about":[{"href":"https:\/\/open-debat-ouvert.be\/fr\/wp-json\/wp\/v2\/types\/post"}],"author":[{"embeddable":true,"href":"https:\/\/open-debat-ouvert.be\/fr\/wp-json\/wp\/v2\/users\/1"}],"replies":[{"embeddable":true,"href":"https:\/\/open-debat-ouvert.be\/fr\/wp-json\/wp\/v2\/comments?post=1543"}],"version-history":[{"count":10,"href":"https:\/\/open-debat-ouvert.be\/fr\/wp-json\/wp\/v2\/posts\/1543\/revisions"}],"predecessor-version":[{"id":1553,"href":"https:\/\/open-debat-ouvert.be\/fr\/wp-json\/wp\/v2\/posts\/1543\/revisions\/1553"}],"wp:featuredmedia":[{"embeddable":true,"href":"https:\/\/open-debat-ouvert.be\/fr\/wp-json\/wp\/v2\/media\/1541"}],"wp:attachment":[{"href":"https:\/\/open-debat-ouvert.be\/fr\/wp-json\/wp\/v2\/media?parent=1543"}],"wp:term":[{"taxonomy":"category","embeddable":true,"href":"https:\/\/open-debat-ouvert.be\/fr\/wp-json\/wp\/v2\/categories?post=1543"},{"taxonomy":"post_tag","embeddable":true,"href":"https:\/\/open-debat-ouvert.be\/fr\/wp-json\/wp\/v2\/tags?post=1543"}],"curies":[{"name":"wp","href":"https:\/\/api.w.org\/{rel}","templated":true}]}}