{"id":800,"date":"2022-01-12T13:16:29","date_gmt":"2022-01-12T13:16:29","guid":{"rendered":"https:\/\/open-debat-ouvert.be\/?p=800"},"modified":"2022-01-12T13:18:58","modified_gmt":"2022-01-12T13:18:58","slug":"communique-de-presse-manifeste-dhiver","status":"publish","type":"post","link":"https:\/\/open-debat-ouvert.be\/nl\/2022\/01\/communique-de-presse-manifeste-dhiver\/","title":{"rendered":"Communiqu\u00e9 de presse &#8211; Manifeste d&#8217;Hiver"},"content":{"rendered":"\t\t<div data-elementor-type=\"wp-post\" data-elementor-id=\"800\" class=\"elementor elementor-800\" data-elementor-post-type=\"post\">\n\t\t\t\t\t\t<section class=\"elementor-section elementor-top-section elementor-element elementor-element-19aacb99 elementor-section-boxed elementor-section-height-default elementor-section-height-default\" data-id=\"19aacb99\" data-element_type=\"section\" data-e-type=\"section\" data-settings=\"{&quot;background_background&quot;:&quot;classic&quot;}\">\n\t\t\t\t\t\t<div class=\"elementor-container elementor-column-gap-no\">\n\t\t\t\t\t<div class=\"elementor-column elementor-col-100 elementor-top-column elementor-element elementor-element-6f5caec7\" data-id=\"6f5caec7\" data-element_type=\"column\" data-e-type=\"column\">\n\t\t\t<div class=\"elementor-widget-wrap\">\n\t\t\t\t\t\t\t<\/div>\n\t\t<\/div>\n\t\t\t\t\t<\/div>\n\t\t<\/section>\n\t\t\t\t<section class=\"elementor-section elementor-top-section elementor-element elementor-element-38d7d7e elementor-section-boxed elementor-section-height-default elementor-section-height-default\" data-id=\"38d7d7e\" data-element_type=\"section\" data-e-type=\"section\">\n\t\t\t\t\t\t<div class=\"elementor-container elementor-column-gap-default\">\n\t\t\t\t\t<div class=\"elementor-column elementor-col-100 elementor-top-column elementor-element elementor-element-9769247\" data-id=\"9769247\" data-element_type=\"column\" data-e-type=\"column\">\n\t\t\t<div class=\"elementor-widget-wrap elementor-element-populated\">\n\t\t\t\t\t\t<div class=\"elementor-element elementor-element-7524fee elementor-widget elementor-widget-heading\" data-id=\"7524fee\" data-element_type=\"widget\" data-e-type=\"widget\" data-widget_type=\"heading.default\">\n\t\t\t\t<div class=\"elementor-widget-container\">\n\t\t\t\t\t<h2 class=\"elementor-heading-title elementor-size-default\">Communiqu\u00e9 de presse - Manifeste d'Hiver<\/h2>\t\t\t\t<\/div>\n\t\t\t\t<\/div>\n\t\t\t\t\t<\/div>\n\t\t<\/div>\n\t\t\t\t\t<\/div>\n\t\t<\/section>\n\t\t\t\t<section class=\"elementor-section elementor-top-section elementor-element elementor-element-aaa67a4 elementor-section-boxed elementor-section-height-default elementor-section-height-default\" data-id=\"aaa67a4\" data-element_type=\"section\" data-e-type=\"section\">\n\t\t\t\t\t\t<div class=\"elementor-container elementor-column-gap-default\">\n\t\t\t\t\t<div class=\"elementor-column elementor-col-100 elementor-top-column elementor-element elementor-element-b7f6fa3\" data-id=\"b7f6fa3\" data-element_type=\"column\" data-e-type=\"column\">\n\t\t\t<div class=\"elementor-widget-wrap elementor-element-populated\">\n\t\t\t\t\t\t<div class=\"elementor-element elementor-element-6788a3a elementor-widget elementor-widget-text-editor\" data-id=\"6788a3a\" data-element_type=\"widget\" data-e-type=\"widget\" data-widget_type=\"text-editor.default\">\n\t\t\t\t<div class=\"elementor-widget-container\">\n\t\t\t\t\t\t\t\t\t<p dir=\"ltr\" style=\"line-height:1.38;margin-top:0pt;margin-bottom:0pt;\"><span style=\"font-size:13.999999999999998pt;font-family:Arial;color:#000000;background-color:transparent;font-weight:700;font-style:normal;font-variant:normal;text-decoration:none;vertical-align:baseline;white-space:pre;white-space:pre-wrap;\">Plus d&#8217;une centaine de scientifiques, m\u00e9decins et personnalit\u00e9s publiques appellent \u00e0 un d\u00e9bat ouvert sur le COVID<\/span><\/p><p><b style=\"font-weight:normal;\" id=\"docs-internal-guid-bf12f2de-7fff-4ed3-5622-af24abc69708\"><br><\/b><\/p><p dir=\"ltr\" style=\"line-height:1.38;margin-top:0pt;margin-bottom:0pt;\"><span style=\"font-size:11pt;font-family:Arial;color:#000000;background-color:transparent;font-weight:700;font-style:normal;font-variant:normal;text-decoration:none;vertical-align:baseline;white-space:pre;white-space:pre-wrap;\">Un grand collectif r\u00e9dige un \u201cmanifeste d\u2019hiver pour une politique de pand\u00e9mie durable\u201d<\/span><\/p><p><b style=\"font-weight:normal;\"><br><\/b><\/p><p dir=\"ltr\" style=\"line-height:1.38;margin-top:0pt;margin-bottom:0pt;\"><span style=\"font-size:11pt;font-family:Arial;color:#000000;background-color:transparent;font-weight:400;font-style:normal;font-variant:normal;text-decoration:none;vertical-align:baseline;white-space:pre;white-space:pre-wrap;\">Un collectif de plus de 100 \u00e9minents scientifiques, praticiens (m\u00e9decins, juristes, psychologues, animateurs de jeunesse, artistes, &#8230;) et autres personnalit\u00e9s belges ont exprim\u00e9 leur inqui\u00e9tude face \u00e0 la politique actuelle du COVID, \u00e0 la polarisation croissante de la soci\u00e9t\u00e9 et \u00e0 la menace qui p\u00e8se sur la libert\u00e9 du d\u00e9bat scientifique, social et politique du COVID. C&#8217;est pourquoi ils ont uni leurs forces et r\u00e9dig\u00e9 un manifeste dans lequel ils expriment leur point de vue sur la mani\u00e8re dont la politique du COVID a \u00e9t\u00e9 fa\u00e7onn\u00e9e jusqu&#8217;\u00e0 pr\u00e9sent. Les membres du collectif sont issus d&#8217;un large \u00e9ventail de disciplines, de la virologie aux arts du spectacle, de la p\u00e9dagogie \u00e0 la biologie mol\u00e9culaire et \u00e0 la m\u00e9decine, de la philosophie \u00e0 l&#8217;aide \u00e0 la jeunesse.<\/span><\/p><p><b style=\"font-weight:normal;\"><br><\/b><\/p><p dir=\"ltr\" style=\"line-height:1.38;margin-top:0pt;margin-bottom:0pt;\"><span style=\"font-size:11pt;font-family:Arial;color:#000000;background-color:transparent;font-weight:700;font-style:normal;font-variant:normal;text-decoration:none;vertical-align:baseline;white-space:pre;white-space:pre-wrap;\">Cinq principes de base pour une politique pand\u00e9mique durable<\/span><\/p><p dir=\"ltr\" style=\"line-height:1.38;margin-top:0pt;margin-bottom:0pt;\"><span style=\"font-size:11pt;font-family:Arial;color:#000000;background-color:transparent;font-weight:400;font-style:normal;font-variant:normal;text-decoration:none;vertical-align:baseline;white-space:pre;white-space:pre-wrap;\">Dans leur manifeste, intitul\u00e9 &#8220;Manifeste d&#8217;hiver pour une politique durable en mati\u00e8re de pand\u00e9mie&#8221;, le collectif propose cinq principes de base pour fa\u00e7onner la politique future de mani\u00e8re durable, scientifiquement fond\u00e9e et \u00e9thiquement d\u00e9fendable :<\/span><\/p><p><b style=\"font-weight:normal;\"><br><\/b><\/p><ul style=\"margin-top:0;margin-bottom:0;padding-inline-start:48px;\"><li dir=\"ltr\" style=\"list-style-type:disc;font-size:11pt;font-family:Arial;color:#000000;background-color:transparent;font-weight:400;font-style:normal;font-variant:normal;text-decoration:none;vertical-align:baseline;white-space:pre;\" aria-level=\"1\"><p dir=\"ltr\" style=\"line-height:1.38;margin-top:0pt;margin-bottom:0pt;\" role=\"presentation\"><span style=\"font-size:11pt;font-family:Arial;color:#000000;background-color:transparent;font-weight:400;font-style:normal;font-variant:normal;text-decoration:none;vertical-align:baseline;white-space:pre;white-space:pre-wrap;\">Un orientation vers des objectifs avec une perspective \u00e0 long terme.<\/span><\/p><\/li><li dir=\"ltr\" style=\"list-style-type:disc;font-size:11pt;font-family:Arial;color:#000000;background-color:transparent;font-weight:400;font-style:normal;font-variant:normal;text-decoration:none;vertical-align:baseline;white-space:pre;\" aria-level=\"1\"><p dir=\"ltr\" style=\"line-height:1.38;margin-top:0pt;margin-bottom:0pt;\" role=\"presentation\"><span style=\"font-size:11pt;font-family:Arial;color:#000000;background-color:transparent;font-weight:400;font-style:normal;font-variant:normal;text-decoration:none;vertical-align:baseline;white-space:pre;white-space:pre-wrap;\">Transparence, contradiction, d\u00e9ontologie et communication efficace.<\/span><\/p><\/li><li dir=\"ltr\" style=\"list-style-type:disc;font-size:11pt;font-family:Arial;color:#000000;background-color:transparent;font-weight:400;font-style:normal;font-variant:normal;text-decoration:none;vertical-align:baseline;white-space:pre;\" aria-level=\"1\"><p dir=\"ltr\" style=\"line-height:1.38;margin-top:0pt;margin-bottom:0pt;\" role=\"presentation\"><span style=\"font-size:11pt;font-family:Arial;color:#000000;background-color:transparent;font-weight:400;font-style:normal;font-variant:normal;text-decoration:none;vertical-align:baseline;white-space:pre;white-space:pre-wrap;\">L&#8217;importance de la multidisciplinarit\u00e9, de la subsidiarit\u00e9 et de la proportionnalit\u00e9.<\/span><\/p><\/li><li dir=\"ltr\" style=\"list-style-type:disc;font-size:11pt;font-family:Arial;color:#000000;background-color:transparent;font-weight:400;font-style:normal;font-variant:normal;text-decoration:none;vertical-align:baseline;white-space:pre;\" aria-level=\"1\"><p dir=\"ltr\" style=\"line-height:1.38;margin-top:0pt;margin-bottom:0pt;\" role=\"presentation\"><span style=\"font-size:11pt;font-family:Arial;color:#000000;background-color:transparent;font-weight:400;font-style:normal;font-variant:normal;text-decoration:none;vertical-align:baseline;white-space:pre;white-space:pre-wrap;\">Le respect des fondements d&#8217;un \u00c9tat de droit d\u00e9mocratique.<\/span><\/p><\/li><li dir=\"ltr\" style=\"list-style-type:disc;font-size:11pt;font-family:Arial;color:#000000;background-color:transparent;font-weight:400;font-style:normal;font-variant:normal;text-decoration:none;vertical-align:baseline;white-space:pre;\" aria-level=\"1\"><p dir=\"ltr\" style=\"line-height:1.38;margin-top:0pt;margin-bottom:0pt;\" role=\"presentation\"><span style=\"font-size:11pt;font-family:Arial;color:#000000;background-color:transparent;font-weight:400;font-style:normal;font-variant:normal;text-decoration:none;vertical-align:baseline;white-space:pre;white-space:pre-wrap;\">Une attention \u00e0 l&#8217;impact des in\u00e9galit\u00e9s socio-\u00e9conomiques et de la vuln\u00e9rabilit\u00e9 sociale.<\/span><\/p><\/li><\/ul><p><b style=\"font-weight:normal;\"><br><\/b><\/p><p dir=\"ltr\" style=\"line-height:1.38;margin-top:0pt;margin-bottom:0pt;\"><span style=\"font-size:11pt;font-family:Arial;color:#000000;background-color:transparent;font-weight:400;font-style:normal;font-variant:normal;text-decoration:none;vertical-align:baseline;white-space:pre;white-space:pre-wrap;\">Ils motivent ces principes sur la base d&#8217;une analyse du processus d\u00e9cisionnel dans la gestion de la crise covid. Le collectif souligne qu&#8217;il n&#8217;a pas l&#8217;intention de critiquer des personnes en particulier, et qu&#8217;il comprend les d\u00e9fis particuliers qui ont \u00e9t\u00e9 initialement pos\u00e9s. Toutefois, apr\u00e8s quasiment deux ans de crise continue, et un an apr\u00e8s la mise \u00e0 disposition des vaccins covid, les signataires du manifeste estiment qu&#8217;il est temps de proc\u00e9der \u00e0 une \u00e9valuation et \u00e0 une r\u00e9flexion approfondies, dans le but d&#8217;\u00e9viter une politique de yo-yo et une polarisation accrue pour les ann\u00e9es \u00e0 venir.<\/span><\/p><p><b style=\"font-weight:normal;\"><br><\/b><\/p><p dir=\"ltr\" style=\"line-height:1.38;margin-top:0pt;margin-bottom:0pt;\"><span style=\"font-size:11pt;font-family:Arial;color:#000000;background-color:transparent;font-weight:700;font-style:normal;font-variant:normal;text-decoration:none;vertical-align:baseline;white-space:pre;white-space:pre-wrap;\">N\u00e9cessit\u00e9 d&#8217;une large collecte d&#8217;informations<\/span><\/p><p dir=\"ltr\" style=\"line-height:1.38;margin-top:0pt;margin-bottom:0pt;\"><span style=\"font-size:11pt;font-family:Arial;color:#000000;background-color:transparent;font-weight:400;font-style:normal;font-variant:normal;text-decoration:none;vertical-align:baseline;white-space:pre;white-space:pre-wrap;\">Avec le Manifeste d&#8217;hiver, les signataires esp\u00e8rent donner un nouveau souffle au d\u00e9bat scientifique et public qui constitue la base essentielle de la politique du COVID. Cette fois, sans tabous ni id\u00e9es pr\u00e9con\u00e7ues, et sans r\u00e9duire &#8220;la science&#8221; aux connaissances et aux opinions d&#8217;un groupe limit\u00e9 et peu diversifi\u00e9 nomm\u00e9 par le gouvernement. Ils d\u00e9fendent l&#8217;id\u00e9e que la complexit\u00e9 de la pand\u00e9mie et de la politique en la mati\u00e8re ne fait qu&#8217;accro\u00eetre la n\u00e9cessit\u00e9 d&#8217;une large collecte d&#8217;informations. C&#8217;est pourquoi ils regrettent que les scientifiques qui \u00e9mettent des r\u00e9serves \u00e0 l&#8217;\u00e9gard de la politique, sur la base de connaissances et de r\u00e9sultats scientifiques fond\u00e9s, ne b\u00e9n\u00e9ficient pas d&#8217;une attention suffisante et soient trop souvent consid\u00e9r\u00e9s comme des &#8220;fous&#8221; ou des th\u00e9oriciens du complot, voire, dans certains cas, menac\u00e9s ou intimid\u00e9s.<\/span><\/p><p><b style=\"font-weight:normal;\"><br><br><\/b><\/p><p dir=\"ltr\" style=\"line-height:1.38;margin-top:0pt;margin-bottom:0pt;\"><span style=\"font-size:11pt;font-family:Arial;color:#000000;background-color:transparent;font-weight:700;font-style:normal;font-variant:normal;text-decoration:none;vertical-align:baseline;white-space:pre;white-space:pre-wrap;\">Reconna\u00eetre et traiter les effets sociaux plus larges<\/span><\/p><p dir=\"ltr\" style=\"line-height:1.38;margin-top:0pt;margin-bottom:0pt;\"><span style=\"font-size:11pt;font-family:Arial;color:#000000;background-color:transparent;font-weight:400;font-style:normal;font-variant:normal;text-decoration:none;vertical-align:baseline;white-space:pre;white-space:pre-wrap;\">Il est \u00e9galement de plus en plus reconnu au niveau international que le d\u00e9bat social a \u00e9t\u00e9 perturb\u00e9 ces deux derni\u00e8res ann\u00e9es, ce qui a souvent conduit \u00e0 une focalisation \u00e9troite sur la mortalit\u00e9 et la morbidit\u00e9 du COVID. Si cela \u00e9tait largement compr\u00e9hensible lorsque les vaccins n&#8217;\u00e9taient pas encore disponibles, il est d\u00e9sormais n\u00e9cessaire de mieux reconna\u00eetre et prendre en compte les effets soci\u00e9taux plus larges de la pand\u00e9mie et des mesures de lutte contre la pand\u00e9mie.<\/span><\/p><p><b style=\"font-weight:normal;\"><br><\/b><\/p><p dir=\"ltr\" style=\"line-height:1.38;margin-top:0pt;margin-bottom:0pt;\"><span style=\"font-size:11pt;font-family:Arial;color:#000000;background-color:transparent;font-weight:400;font-style:italic;font-variant:normal;text-decoration:none;vertical-align:baseline;white-space:pre;white-space:pre-wrap;\">&nbsp;<\/span><\/p><p dir=\"ltr\" style=\"line-height:1.38;margin-top:0pt;margin-bottom:0pt;\"><span style=\"font-size:11pt;font-family:Arial;color:#000000;background-color:transparent;font-weight:700;font-style:normal;font-variant:normal;text-decoration:none;vertical-align:baseline;white-space:pre;white-space:pre-wrap;\">Plate-forme pour un d\u00e9bat ouvert<\/span><\/p><p dir=\"ltr\" style=\"line-height:1.38;margin-top:0pt;margin-bottom:0pt;\"><span style=\"font-size:11pt;font-family:Arial;color:#000000;background-color:transparent;font-weight:400;font-style:normal;font-variant:normal;text-decoration:none;vertical-align:baseline;white-space:pre;white-space:pre-wrap;\">Vous pouvez lire l&#8217;int\u00e9gralit\u00e9 du Manifeste d&#8217;hiver sur le site web <\/span><a href=\"http:\/\/open-debat-ouvert.be\/nl\/wintermanifest-manifestedhiver\" style=\"text-decoration:none;\"><span style=\"font-size:11pt;font-family:Arial;color:#1155cc;background-color:transparent;font-weight:400;font-style:normal;font-variant:normal;text-decoration:underline;-webkit-text-decoration-skip:none;text-decoration-skip-ink:none;vertical-align:baseline;white-space:pre;white-space:pre-wrap;\">https:\/\/open-debat-ouvert.be\/fr\/wintermanifest-manifestedhiver\/<\/span><\/a><span style=\"font-size:11pt;font-family:Arial;color:#000000;background-color:transparent;font-weight:400;font-style:normal;font-variant:normal;text-decoration:none;vertical-align:baseline;white-space:pre;white-space:pre-wrap;\">, que le collectif utilisera \u00e0 l&#8217;avenir comme plateforme pour contribuer \u00e0 stimuler un d\u00e9bat ouvert et libre fond\u00e9 sur la science. Au printemps, le collectif pr\u00e9voit \u00e9galement un symposium multidisciplinaire sur le COVID-19 en tant que probl\u00e8me social plus large, et sur la bonne politique en mati\u00e8re de pand\u00e9mie en g\u00e9n\u00e9ral et pour l&#8217;avenir.<\/span><\/p><p><b style=\"font-weight:normal;\"><br><\/b><\/p><p dir=\"ltr\" style=\"line-height:1.38;border-left:solid #000000 1pt;border-right:solid #000000 1pt;border-top:solid #000000 1pt;margin-top:0pt;margin-bottom:0pt;padding:2pt 2pt 0pt 2pt;\"><span style=\"font-size:11pt;font-family:Arial;color:#000000;background-color:transparent;font-weight:700;font-style:normal;font-variant:normal;text-decoration:none;vertical-align:baseline;white-space:pre;white-space:pre-wrap;\">Conclusion<\/span><\/p><p dir=\"ltr\" style=\"line-height:1.38;border-left:solid #000000 1pt;border-right:solid #000000 1pt;border-bottom:solid #000000 1pt;margin-top:0pt;margin-bottom:0pt;padding:0pt 2pt 2pt 2pt;\"><span style=\"font-size:11pt;font-family:Arial;color:#000000;background-color:transparent;font-weight:400;font-style:normal;font-variant:normal;text-decoration:none;vertical-align:baseline;white-space:pre;white-space:pre-wrap;\">Avec son &#8220;Manifeste d&#8217;hiver pour une politique durable en mati\u00e8re de pand\u00e9mie&#8221;, le collectif esp\u00e8re contribuer \u00e0 la relance d&#8217;un d\u00e9bat ouvert pouvant d\u00e9boucher sur une politique qui met fin \u00e0 la division et \u00e0 la polarisation et met l&#8217;accent sur la connexion et le respect. Un d\u00e9bat avec le sens de la nuance n\u00e9cessaire, avec une attention pour tous les points de vue scientifiques et sociaux fond\u00e9s, m\u00eame si ceux-ci ne correspondent pas en tous points aux points de vue des d\u00e9cideurs politiques ou des experts d\u00e9sign\u00e9s.<\/span><\/p><p><br><\/p><p dir=\"ltr\" style=\"line-height:1.38;margin-top:0pt;margin-bottom:0pt;\"><span style=\"font-size:11pt;font-family:Arial;color:#000000;background-color:transparent;font-weight:400;font-style:normal;font-variant:normal;text-decoration:none;vertical-align:baseline;white-space:pre;white-space:pre-wrap;\">Toute personne souhaitant montrer son soutien au Manifeste d&#8217;hiver peut le faire via une p\u00e9tition \u00e0 l&#8217;adresse suivante <\/span><a href=\"https:\/\/open-debat-ouvert.be\/nl\/steun-support\/\" style=\"text-decoration:none;\"><span style=\"font-size:11pt;font-family:Arial;color:#1155cc;background-color:transparent;font-weight:400;font-style:normal;font-variant:normal;text-decoration:underline;-webkit-text-decoration-skip:none;text-decoration-skip-ink:none;vertical-align:baseline;white-space:pre;white-space:pre-wrap;\">Manifesteopen-debat-ouvert.be\/fr\/steun-support\/<\/span><\/a><span style=\"font-size:11pt;font-family:Arial;color:#000000;background-color:transparent;font-weight:400;font-style:normal;font-variant:normal;text-decoration:none;vertical-align:baseline;white-space:pre;white-space:pre-wrap;\">.<\/span><\/p>\t\t\t\t\t\t\t\t<\/div>\n\t\t\t\t<\/div>\n\t\t\t\t\t<\/div>\n\t\t<\/div>\n\t\t\t\t\t<\/div>\n\t\t<\/section>\n\t\t\t\t<\/div>\n\t\t","protected":false},"excerpt":{"rendered":"<p>Communiqu\u00e9 de presse &#8211; Manifeste d&#8217;Hiver Plus d&#8217;une centaine de scientifiques, m\u00e9decins et personnalit\u00e9s publiques appellent \u00e0 un d\u00e9bat ouvert sur le COVID Un grand collectif r\u00e9dige un \u201cmanifeste d\u2019hiver pour une politique de pand\u00e9mie durable\u201d Un collectif de plus de 100 \u00e9minents scientifiques, praticiens (m\u00e9decins, juristes, psychologues, animateurs de jeunesse, artistes, &#8230;) et autres [&hellip;]<\/p>\n","protected":false},"author":1,"featured_media":0,"comment_status":"open","ping_status":"open","sticky":false,"template":"full-width.php","format":"standard","meta":{"_acf_changed":false,"_coblocks_attr":"","_coblocks_dimensions":"","_coblocks_responsive_height":"","_coblocks_accordion_ie_support":"","footnotes":""},"categories":[15,1],"tags":[],"class_list":["post-800","post","type-post","status-publish","format-standard","hentry","category-presse","category-uncategorized"],"acf":[],"_links":{"self":[{"href":"https:\/\/open-debat-ouvert.be\/nl\/wp-json\/wp\/v2\/posts\/800","targetHints":{"allow":["GET"]}}],"collection":[{"href":"https:\/\/open-debat-ouvert.be\/nl\/wp-json\/wp\/v2\/posts"}],"about":[{"href":"https:\/\/open-debat-ouvert.be\/nl\/wp-json\/wp\/v2\/types\/post"}],"author":[{"embeddable":true,"href":"https:\/\/open-debat-ouvert.be\/nl\/wp-json\/wp\/v2\/users\/1"}],"replies":[{"embeddable":true,"href":"https:\/\/open-debat-ouvert.be\/nl\/wp-json\/wp\/v2\/comments?post=800"}],"version-history":[{"count":7,"href":"https:\/\/open-debat-ouvert.be\/nl\/wp-json\/wp\/v2\/posts\/800\/revisions"}],"predecessor-version":[{"id":812,"href":"https:\/\/open-debat-ouvert.be\/nl\/wp-json\/wp\/v2\/posts\/800\/revisions\/812"}],"wp:attachment":[{"href":"https:\/\/open-debat-ouvert.be\/nl\/wp-json\/wp\/v2\/media?parent=800"}],"wp:term":[{"taxonomy":"category","embeddable":true,"href":"https:\/\/open-debat-ouvert.be\/nl\/wp-json\/wp\/v2\/categories?post=800"},{"taxonomy":"post_tag","embeddable":true,"href":"https:\/\/open-debat-ouvert.be\/nl\/wp-json\/wp\/v2\/tags?post=800"}],"curies":[{"name":"wp","href":"https:\/\/api.w.org\/{rel}","templated":true}]}}