{"id":943,"date":"2022-01-20T13:11:02","date_gmt":"2022-01-20T13:11:02","guid":{"rendered":"https:\/\/open-debat-ouvert.be\/?p=943"},"modified":"2022-01-20T14:17:15","modified_gmt":"2022-01-20T14:17:15","slug":"le-manifeste-dhiver-franchit-une-nouvelle-etape-et-veut-peser-dans-le-debat-politique","status":"publish","type":"post","link":"https:\/\/open-debat-ouvert.be\/nl\/2022\/01\/le-manifeste-dhiver-franchit-une-nouvelle-etape-et-veut-peser-dans-le-debat-politique\/","title":{"rendered":"Le manifeste d\u2019hiver franchit une nouvelle \u00e9tape et veut peser dans le d\u00e9bat politique"},"content":{"rendered":"\t\t<div data-elementor-type=\"wp-post\" data-elementor-id=\"943\" class=\"elementor elementor-943\" data-elementor-post-type=\"post\">\n\t\t\t\t\t\t<section class=\"elementor-section elementor-top-section elementor-element elementor-element-3c0419ad elementor-section-boxed elementor-section-height-default elementor-section-height-default\" data-id=\"3c0419ad\" data-element_type=\"section\" data-e-type=\"section\" data-settings=\"{&quot;background_background&quot;:&quot;classic&quot;}\">\n\t\t\t\t\t\t<div class=\"elementor-container elementor-column-gap-no\">\n\t\t\t\t\t<div class=\"elementor-column elementor-col-100 elementor-top-column elementor-element elementor-element-35d1c2ac\" data-id=\"35d1c2ac\" data-element_type=\"column\" data-e-type=\"column\">\n\t\t\t<div class=\"elementor-widget-wrap\">\n\t\t\t\t\t\t\t<\/div>\n\t\t<\/div>\n\t\t\t\t\t<\/div>\n\t\t<\/section>\n\t\t\t\t<section class=\"elementor-section elementor-top-section elementor-element elementor-element-eab0e25 elementor-section-boxed elementor-section-height-default elementor-section-height-default\" data-id=\"eab0e25\" data-element_type=\"section\" data-e-type=\"section\">\n\t\t\t\t\t\t<div class=\"elementor-container elementor-column-gap-default\">\n\t\t\t\t\t<div class=\"elementor-column elementor-col-100 elementor-top-column elementor-element elementor-element-2baba97\" data-id=\"2baba97\" data-element_type=\"column\" data-e-type=\"column\">\n\t\t\t<div class=\"elementor-widget-wrap elementor-element-populated\">\n\t\t\t\t\t\t<div class=\"elementor-element elementor-element-b34a0dc elementor-widget elementor-widget-heading\" data-id=\"b34a0dc\" data-element_type=\"widget\" data-e-type=\"widget\" data-widget_type=\"heading.default\">\n\t\t\t\t<div class=\"elementor-widget-container\">\n\t\t\t\t\t<h2 class=\"elementor-heading-title elementor-size-default\"><span style=\"font-weight:normal\" id=\"docs-internal-guid-e252db27-7fff-6f81-a701-bfc480bdfa0b\"><span style=\"font-size: 16pt;font-family: Arial;background-color: transparent;vertical-align: baseline\">Le manifeste d\u2019hiver franchit une nouvelle \u00e9tape et veut peser dans le d\u00e9bat politique<\/span><\/span><\/h2>\t\t\t\t<\/div>\n\t\t\t\t<\/div>\n\t\t\t\t<div class=\"elementor-element elementor-element-e8e2321 elementor-widget elementor-widget-text-editor\" data-id=\"e8e2321\" data-element_type=\"widget\" data-e-type=\"widget\" data-widget_type=\"text-editor.default\">\n\t\t\t\t<div class=\"elementor-widget-container\">\n\t\t\t\t\t\t\t\t\t<p dir=\"ltr\" style=\"line-height: 1.38; margin-top: 12pt; margin-bottom: 12pt;\"><span style=\"font-size: 11pt; font-family: Arial; color: #000000; background-color: transparent; font-weight: bold; font-style: italic; font-variant: normal; text-decoration: none; vertical-align: baseline; white-space: pre-wrap;\">Le <\/span><a style=\"text-decoration: none;\" href=\"https:\/\/open-debat-ouvert.be\/fr\/wintermanifest-manifestedhiver\/\"><span style=\"font-size: 11pt; font-family: Arial; color: #1155cc; background-color: transparent; font-weight: bold; font-style: italic; font-variant: normal; text-decoration: underline; -webkit-text-decoration-skip: none; text-decoration-skip-ink: none; vertical-align: baseline; white-space: pre-wrap;\">Manifeste d\u2019hiver<\/span><\/a> <span style=\"font-size: 11pt; font-family: Arial; color: #000000; background-color: transparent; font-weight: 400; font-style: italic; font-variant: normal; text-decoration: none; vertical-align: baseline; white-space: pre-wrap;\">a provoqu\u00e9 quelques remous et g\u00e9n\u00e9r\u00e9 un d\u00e9bat large et intense. Nous en sommes heureux : Renforcer le d\u00e9bat ouvert et respectueux autour de la politique du COVID \u00e9tait notre intention. Environ une semaine apr\u00e8s la publication du manifeste, 10 000 signatures sur la <\/span><a style=\"text-decoration: none;\" href=\"https:\/\/www.change.org\/p\/belgische-regeringen-gouvernements-belges-open-debat-duurzaam-pandemiebeleid-d%C3%A9bat-ouvert-politique-durable-en-mati%C3%A8re-de-pand%C3%A9mie\"><span style=\"font-size: 11pt; font-family: Arial; color: #1155cc; background-color: transparent; font-weight: 400; font-style: italic; font-variant: normal; text-decoration: underline; -webkit-text-decoration-skip: none; text-decoration-skip-ink: none; vertical-align: baseline; white-space: pre-wrap;\">la p\u00e9tition du manifeste d\u2019hiver<\/span><\/a><span style=\"font-size: 11pt; font-family: Arial; color: #000000; background-color: transparent; font-weight: 400; font-style: italic; font-variant: normal; text-decoration: none; vertical-align: baseline; white-space: pre-wrap;\"> et un certain \u00e9moi dans les m\u00e9dias, nous souhaitons clarifier quelques points et franchir une nouvelle \u00e9tape pour peser dans le d\u00e9bat politique.<\/span><\/p><h3 dir=\"ltr\" style=\"line-height: 1.38; margin-top: 12pt; margin-bottom: 12pt;\"><span style=\"font-size: 13.999999999999998pt; font-family: Arial; color: #434343; background-color: transparent; font-weight: 400; font-style: normal; font-variant: normal; text-decoration: none; vertical-align: baseline; white-space: pre-wrap;\">Respect des efforts des experts nomm\u00e9s<\/span><\/h3><p dir=\"ltr\" style=\"line-height: 1.38; margin-top: 12pt; margin-bottom: 12pt;\"><span style=\"font-size: 11pt; font-family: Arial; color: #000000; background-color: transparent; font-weight: 400; font-style: normal; font-variant: normal; text-decoration: none; vertical-align: baseline; white-space: pre-wrap;\">Tout d&#8217;abord, <\/span><span style=\"font-size: 11pt; font-family: Arial; color: #000000; background-color: transparent; font-weight: bold; font-style: normal; font-variant: normal; text-decoration: none; vertical-align: baseline; white-space: pre-wrap;\">le Manifeste d&#8217;hiver n&#8217;est pas dirig\u00e9 contre les individus<\/span><span style=\"font-size: 11pt; font-family: Arial; color: #000000; background-color: transparent; font-weight: 400; font-style: normal; font-variant: normal; text-decoration: none; vertical-align: baseline; white-space: pre-wrap;\">, et certainement pas contre les experts nomm\u00e9s dans les conseils et comit\u00e9s consultatifs. Ces personnes ont fait tout leur possible pendant des mois et parfois des ann\u00e9es, dans des circonstances tr\u00e8s difficiles. Notre appr\u00e9ciation du travail qu&#8217;ils ont accompli aurait peut-\u00eatre pu \u00eatre mieux soulign\u00e9e dans le Manifeste d&#8217;hiver &#8211; mea culpa &#8211; mais les points d&#8217;am\u00e9lioration que nous mentionnons ne sont pas des critiques personnelles mais des points d&#8217;am\u00e9lioration structurels : comment la politique est-elle inform\u00e9e ? comment les conseils consultatifs sont-ils compos\u00e9s ? quels aspects sont pris en compte lors de l&#8217;\u00e9laboration d&#8217;une politique, et dans quelle proportion ? toutes les parties prenantes concern\u00e9es sont-elles repr\u00e9sent\u00e9es dans les consultations d&#8217;une mani\u00e8re ou d&#8217;une autre ? comment et par qui les d\u00e9cisions sont-elles prises ? les fondements de notre \u00c9tat de droit d\u00e9mocratique sont-ils respect\u00e9s ? Ces choix sont faits par les d\u00e9cideurs politiques, pour lesquels &#8211; \u00e9tant donn\u00e9 les circonstances exceptionnelles et difficiles &#8211; nous avons certainement de la sympathie dans le Manifeste d&#8217;hiver.<\/span><\/p><h3 dir=\"ltr\" style=\"line-height: 1.38; margin-top: 12pt; margin-bottom: 12pt;\"><span style=\"font-size: 13.999999999999998pt; font-family: Arial; color: #434343; background-color: transparent; font-weight: 400; font-style: normal; font-variant: normal; text-decoration: none; vertical-align: baseline; white-space: pre-wrap;\">C\u00f4te \u00e0 c\u00f4te avec les experts<\/span><\/h3><p dir=\"ltr\" style=\"line-height: 1.38; margin-top: 0pt; margin-bottom: 0pt;\"><span style=\"font-size: 11pt; font-family: Arial; color: #000000; background-color: transparent; font-weight: 400; font-style: normal; font-variant: normal; text-decoration: none; vertical-align: baseline; white-space: pre-wrap;\">Nous sommes <\/span><span style=\"font-size: 11pt; font-family: Arial; color: #000000; background-color: transparent; font-weight: bold; font-style: normal; font-variant: normal; text-decoration: none; vertical-align: baseline; white-space: pre-wrap;\">tr\u00e8s heureux des nombreuses r\u00e9actions positives<\/span><span style=\"font-size: 11pt; font-family: Arial; color: #000000; background-color: transparent; font-weight: 400; font-style: normal; font-variant: normal; text-decoration: none; vertical-align: baseline; white-space: pre-wrap;\">, notamment de la main tendue de certains membres des conseils consultatifs.<\/span><span style=\"font-size: 11pt; font-family: Arial; color: #000000; background-color: transparent; font-weight: bold; font-style: normal; font-variant: normal; text-decoration: none; vertical-align: baseline; white-space: pre-wrap;\"> Apr\u00e8s tout, avec le Manifeste d&#8217;hiver, nous voulons r\u00e9fl\u00e9chir avec eux<\/span><span style=\"font-size: 11pt; font-family: Arial; color: #000000; background-color: transparent; font-weight: 400; font-style: normal; font-variant: normal; text-decoration: none; vertical-align: baseline; white-space: pre-wrap;\"> \u00e0 la mani\u00e8re dont nous pouvons informer et contribuer \u00e0 fa\u00e7onner les politiques de mani\u00e8re encore plus large et approfondie. Nous souhaitons engager une discussion c\u00f4te \u00e0 c\u00f4te pour informer nos politiciens sur la mani\u00e8re de fa\u00e7onner une politique plus durable en mati\u00e8re de pand\u00e9mie. Les signataires constituent un groupe pluraliste de personnes aux styles et opinions diff\u00e9rents. Mais ils sont tous pr\u00e9occup\u00e9s par le vaste impact social de la pand\u00e9mie et par la durabilit\u00e9 de notre approche de la question, tout comme les experts d\u00e9sign\u00e9s eux-m\u00eames. Il n&#8217;y a pas de couleurs ni d&#8217;agendas cach\u00e9s.<\/span><\/p><p dir=\"ltr\" style=\"line-height: 1.38; margin-top: 0pt; margin-bottom: 0pt;\"><span style=\"font-size: 11pt; font-family: Arial; color: #000000; background-color: transparent; font-weight: 400; font-style: normal; font-variant: normal; text-decoration: none; vertical-align: baseline; white-space: pre-wrap;\">\u00a0<\/span><\/p><p dir=\"ltr\" style=\"line-height: 1.38; margin-top: 0pt; margin-bottom: 0pt;\"><span style=\"font-size: 11pt; font-family: Arial; color: #000000; background-color: transparent; font-weight: 400; font-style: normal; font-variant: normal; text-decoration: none; vertical-align: baseline; white-space: pre-wrap;\">Heureusement, Omikron nous apporte de meilleures nouvelles avec une cinqui\u00e8me vague haute mais moins s\u00e9v\u00e8re qu\u2019attendue. <\/span><span style=\"font-size: 11pt; font-family: Arial; color: #000000; background-color: transparent; font-weight: bold; font-style: normal; font-variant: normal; text-decoration: none; vertical-align: baseline; white-space: pre-wrap;\">Dans la perspective du comit\u00e9 de consultation, nous demandons \u00e0 toutes les personnes concern\u00e9es de prendre \u00e0 c\u0153ur les cinq principes de base du Manifeste d&#8217;hiver<\/span><span style=\"font-size: 11pt; font-family: Arial; color: #000000; background-color: transparent; font-weight: 400; font-style: normal; font-variant: normal; text-decoration: none; vertical-align: baseline; white-space: pre-wrap;\"> : (1) l&#8217;accent mis sur la durabilit\u00e9 et le long terme, (2) la transparence et la communication claire, (3) la n\u00e9cessit\u00e9 d&#8217;un large soutien scientifique multidisciplinaire, la proportionnalit\u00e9 et la subsidiarit\u00e9, (4) le respect des fondements de notre \u00c9tat constitutionnel, et (5) l&#8217;attention port\u00e9e aux jeunes et aux groupes socio-\u00e9conomiquement plus faibles. Des mesures telles que le CST, le 3\/2\/1G et l&#8217;obligation de vacciner sont en contradiction avec ces principes de base. Nous nous r\u00e9jouissons donc qu&#8217;un certain nombre de signataires soient entendus lors d&#8217;auditions parlementaires dans le cadre du d\u00e9bat sur la vaccination obligatoire.<\/span><\/p><h3 dir=\"ltr\" style=\"line-height: 1.38; margin-top: 16pt; margin-bottom: 4pt;\"><span style=\"font-size: 13.999999999999998pt; font-family: Arial; color: #434343; background-color: transparent; font-weight: 400; font-style: normal; font-variant: normal; text-decoration: none; vertical-align: baseline; white-space: pre-wrap;\">Symposium de printemps au KVS<\/span><\/h3><p dir=\"ltr\" style=\"line-height: 1.38; margin-top: 0pt; margin-bottom: 0pt;\"><span style=\"font-size: 11pt; font-family: Arial; color: #000000; background-color: transparent; font-weight: 400; font-style: normal; font-variant: normal; text-decoration: none; vertical-align: baseline; white-space: pre-wrap;\">Pendant ce temps, les initiateurs du Manifeste d&#8217;hiver ne restent pas inactifs. Nous recevons des signaux de l&#8217;int\u00e9rieur du GEMS indiquant que certains de ses membres sont favorables \u00e0 un d\u00e9bat plus ouvert et plus large &#8211; ce que nous appr\u00e9cions sinc\u00e8rement. Pour poursuivre ce dialogue constructif, un <\/span><span style=\"font-size: 11pt; font-family: Arial; color: #000000; background-color: transparent; font-weight: bold; font-style: normal; font-variant: normal; text-decoration: none; vertical-align: baseline; white-space: pre-wrap;\">symposium de printemps aura lieu au KVS \u00e0 Bruxelles<\/span><span style=\"font-size: 11pt; font-family: Arial; color: #000000; background-color: transparent; font-weight: 400; font-style: normal; font-variant: normal; text-decoration: none; vertical-align: baseline; white-space: pre-wrap;\">, o\u00f9 le plus grand nombre possible de voix diverses et pertinentes sera entendu. Les coll\u00e8gues virologues et \u00e9pid\u00e9miologistes seront bien s\u00fbr \u00e9galement les bienvenus. Il s&#8217;agira d&#8217;un d\u00e9bat ouvert, avec la participation du grand public. Nous voulons ainsi contribuer \u00e0 \u00e9laborer des recommandations politiques concr\u00e8tes, r\u00e9alisables et largement soutenues pour un avenir durable.<\/span><\/p>\t\t\t\t\t\t\t\t<\/div>\n\t\t\t\t<\/div>\n\t\t\t\t\t<\/div>\n\t\t<\/div>\n\t\t\t\t\t<\/div>\n\t\t<\/section>\n\t\t\t\t<\/div>\n\t\t","protected":false},"excerpt":{"rendered":"<p>Le manifeste d\u2019hiver franchit une nouvelle \u00e9tape et veut peser dans le d\u00e9bat politique Le Manifeste d\u2019hiver a provoqu\u00e9 quelques remous et g\u00e9n\u00e9r\u00e9 un d\u00e9bat large et intense. Nous en sommes heureux : Renforcer le d\u00e9bat ouvert et respectueux autour de la politique du COVID \u00e9tait notre intention. Environ une semaine apr\u00e8s la publication du [&hellip;]<\/p>\n","protected":false},"author":1,"featured_media":0,"comment_status":"open","ping_status":"open","sticky":false,"template":"full-width.php","format":"standard","meta":{"_acf_changed":false,"_coblocks_attr":"","_coblocks_dimensions":"","_coblocks_responsive_height":"","_coblocks_accordion_ie_support":"","footnotes":""},"categories":[13,15],"tags":[],"class_list":["post-943","post","type-post","status-publish","format-standard","hentry","category-pers-presse-posts","category-presse"],"acf":[],"_links":{"self":[{"href":"https:\/\/open-debat-ouvert.be\/nl\/wp-json\/wp\/v2\/posts\/943","targetHints":{"allow":["GET"]}}],"collection":[{"href":"https:\/\/open-debat-ouvert.be\/nl\/wp-json\/wp\/v2\/posts"}],"about":[{"href":"https:\/\/open-debat-ouvert.be\/nl\/wp-json\/wp\/v2\/types\/post"}],"author":[{"embeddable":true,"href":"https:\/\/open-debat-ouvert.be\/nl\/wp-json\/wp\/v2\/users\/1"}],"replies":[{"embeddable":true,"href":"https:\/\/open-debat-ouvert.be\/nl\/wp-json\/wp\/v2\/comments?post=943"}],"version-history":[{"count":26,"href":"https:\/\/open-debat-ouvert.be\/nl\/wp-json\/wp\/v2\/posts\/943\/revisions"}],"predecessor-version":[{"id":996,"href":"https:\/\/open-debat-ouvert.be\/nl\/wp-json\/wp\/v2\/posts\/943\/revisions\/996"}],"wp:attachment":[{"href":"https:\/\/open-debat-ouvert.be\/nl\/wp-json\/wp\/v2\/media?parent=943"}],"wp:term":[{"taxonomy":"category","embeddable":true,"href":"https:\/\/open-debat-ouvert.be\/nl\/wp-json\/wp\/v2\/categories?post=943"},{"taxonomy":"post_tag","embeddable":true,"href":"https:\/\/open-debat-ouvert.be\/nl\/wp-json\/wp\/v2\/tags?post=943"}],"curies":[{"name":"wp","href":"https:\/\/api.w.org\/{rel}","templated":true}]}}